{"id":30454,"date":"2026-04-29T10:33:45","date_gmt":"2026-04-29T10:33:45","guid":{"rendered":"https:\/\/eskigazeteci.com\/?p=30454"},"modified":"2026-04-29T10:33:45","modified_gmt":"2026-04-29T10:33:45","slug":"bimde-bu-hafta-aktuel-katalogu-indirimleri-neler","status":"publish","type":"post","link":"https:\/\/eskigazeteci.com\/?p=30454","title":{"rendered":"Bim&#8217;de bu hafta akt\u00fcel katalo\u011fu indirimleri neler?"},"content":{"rendered":"<p>B\u0130M\u2019in Nisan sonu ve May\u0131s ba\u015f\u0131n\u0131 kapsayan yeni akt\u00fcel \u00fcr\u00fcnler katalo\u011fu olduk\u00e7a zengin bir i\u00e7erikle yay\u0131nland\u0131. Bu hafta Cuma g\u00fcn\u00fc \u00f6zellikle temel teknolojik mutfak \u00fcr\u00fcnlerinde ciddi indirimler g\u00f6ze \u00e7arp\u0131yor. Temizlik \u00fcr\u00fcnlerinden elektroni\u011fe, kamp malzemelerinden mutfak gere\u00e7lerine kadar \u00f6ne \u00e7\u0131kan indirimli \u00fcr\u00fcnleri ve fiyat listesini a\u015fa\u011f\u0131da bulabilirsin. Bim&#x27;in \u00fcr\u00fcnleri ayn\u0131 zamanda bim onlie al\u0131\u015fveri\u015f sitesinden de temin edilebilecek. Peki, bim&#x27;de bu hafta neler var? \u0130\u015fte Bim akt\u00fcel 1 May\u0131s 2026 katalo\u011fu ve bim akt\u00fcel 29 Nisan 2026 katalo\u011fu tamam\u0131<\/p>\n<p>B\u0130M\u2019in Nisan sonu ve May\u0131s ba\u015f\u0131n\u0131 kapsayan yeni akt\u00fcel \u00fcr\u00fcnler katalo\u011fu olduk\u00e7a zengin bir i\u00e7erikle yay\u0131nland\u0131. Bu hafta Cuma g\u00fcn\u00fc \u00f6zellikle temel teknolojik mutfak \u00fcr\u00fcnlerinde ciddi indirimler g\u00f6ze \u00e7arp\u0131yor. Temizlik \u00fcr\u00fcnlerinden elektroni\u011fe, kamp malzemelerinden mutfak gere\u00e7lerine kadar \u00f6ne \u00e7\u0131kan indirimli \u00fcr\u00fcnleri ve fiyat listesini a\u015fa\u011f\u0131da bulabilirsin. Bim&#x27;in \u00fcr\u00fcnleri ayn\u0131 zamanda bim onlie al\u0131\u015fveri\u015f sitesinden de temin edilebilecek. Peki, bim&#x27;de bu hafta neler var? \u0130\u015fte Bim akt\u00fcel 1 May\u0131s 2026 katalo\u011fu ve bim akt\u00fcel 29 Nisan 2026 katalo\u011fu tamam\u0131<\/p>\n<p>Philips Tam Otomatik Espresso Makinesi: 16.990 TL Philips \u015earjl\u0131 S\u00fcp\u00fcrge: 11.990&#8230;<\/p>\n","protected":false},"excerpt":{"rendered":"<p>Yepyeni bim akt\u00fcel 1 May\u0131s 2026 katalo\u011fu \u00fcr\u00fcnleri raflarda yerini almaya ba\u015flad\u0131. B\u0130M afi\u015fi g\u00fcncel ve en yeni \u00fcr\u00fcnler s\u0131ras\u0131yla sat\u0131\u015fa sunuldu. Ayr\u0131ca&#8230;<\/p>\n","protected":false},"author":2,"featured_media":30453,"comment_status":"open","ping_status":"open","sticky":false,"template":"","format":"standard","meta":{"footnotes":""},"categories":[8,6,5],"tags":[],"class_list":["post-30454","post","type-post","status-publish","format-standard","has-post-thumbnail","hentry","category-arsiv","category-gundem","category-son-dakika"],"_links":{"self":[{"href":"https:\/\/eskigazeteci.com\/index.php?rest_route=\/wp\/v2\/posts\/30454","targetHints":{"allow":["GET"]}}],"collection":[{"href":"https:\/\/eskigazeteci.com\/index.php?rest_route=\/wp\/v2\/posts"}],"about":[{"href":"https:\/\/eskigazeteci.com\/index.php?rest_route=\/wp\/v2\/types\/post"}],"author":[{"embeddable":true,"href":"https:\/\/eskigazeteci.com\/index.php?rest_route=\/wp\/v2\/users\/2"}],"replies":[{"embeddable":true,"href":"https:\/\/eskigazeteci.com\/index.php?rest_route=%2Fwp%2Fv2%2Fcomments&post=30454"}],"version-history":[{"count":0,"href":"https:\/\/eskigazeteci.com\/index.php?rest_route=\/wp\/v2\/posts\/30454\/revisions"}],"wp:featuredmedia":[{"embeddable":true,"href":"https:\/\/eskigazeteci.com\/index.php?rest_route=\/wp\/v2\/media\/30453"}],"wp:attachment":[{"href":"https:\/\/eskigazeteci.com\/index.php?rest_route=%2Fwp%2Fv2%2Fmedia&parent=30454"}],"wp:term":[{"taxonomy":"category","embeddable":true,"href":"https:\/\/eskigazeteci.com\/index.php?rest_route=%2Fwp%2Fv2%2Fcategories&post=30454"},{"taxonomy":"post_tag","embeddable":true,"href":"https:\/\/eskigazeteci.com\/index.php?rest_route=%2Fwp%2Fv2%2Ftags&post=30454"}],"curies":[{"name":"wp","href":"https:\/\/api.w.org\/{rel}","templated":true}]}}