{"id":30450,"date":"2026-04-29T10:06:49","date_gmt":"2026-04-29T10:06:49","guid":{"rendered":"https:\/\/eskigazeteci.com\/?p=30450"},"modified":"2026-04-29T10:06:49","modified_gmt":"2026-04-29T10:06:49","slug":"bati-seriada-cocuklara-jiletli-tel-engeli","status":"publish","type":"post","link":"https:\/\/eskigazeteci.com\/?p=30450","title":{"rendered":"Bat\u0131 \u015eeria&#8217;da \u00e7ocuklara jiletli tel engeli"},"content":{"rendered":"<p>\u0130\u015fgal alt\u0131ndaki Bat\u0131 \u015eeria\u2019da gerilim t\u0131rman\u0131rken, \u0130srailli yerle\u015fimcilerin Umm al-Khair k\u00f6y\u00fc yak\u0131nlar\u0131ndaki engellemeleri nedeniyle Filistinli \u00e7ocuklar\u0131n iki haftad\u0131r okula gidemedi\u011fi bildirildi.<\/p>\n<p>CNN International&#x27;\u0131n aktard\u0131\u011f\u0131 habere g\u00f6re Filistinli aileler, \u0130srailli yerle\u015fimcilerin \u00e7ocuklar\u0131n kulland\u0131\u011f\u0131 g\u00fczerg\u00e2hlar\u0131 dikenli ve jiletli tellerle kapatt\u0131\u011f\u0131n\u0131 belirtti.<\/p>\n<p>Habere g\u00f6re, be\u015f ya\u015f\u0131ndaki \u00e7ocuklar\u0131n da aralar\u0131nda bulundu\u011fu \u00f6\u011frenciler, yolun yeniden a\u00e7\u0131lmas\u0131 i\u00e7in her g\u00fcn protesto g\u00f6sterileri d\u00fczenliyor.<\/p>\n<p>11 YA\u015eINDAK\u0130 HUDA G\u00d6ZYA\u015eLARI \u0130\u00c7\u0130NDE ANLATTI<\/p>\n<p>Okula gidemeyen \u00e7ocuklardan 11 ya\u015f\u0131ndaki Huda, ya\u015fad\u0131klar\u0131n\u0131 g\u00f6zya\u015flar\u0131 i\u00e7inde anlatt\u0131.<\/p>\n<p>\u201cD\u00fcnyan\u0131n di\u011fer \u00e7ocuklar\u0131 gibi \u00f6\u011frenmemi istemiyorlar. Benim okumam\u0131 istemiyorlar, \u00e7\u00fcnk\u00fc b\u00fcy\u00fcy\u00fcnce avukat olup Filistin topraklar\u0131n\u0131 savunaca\u011f\u0131m.\u201d<\/p>\n<p>K\u00d6YLERE SALDIRILAR S\u00dcR\u00dcYOR<\/p>\n<p>Bat\u0131 \u015eeria \u2019da yaln\u0131zca okul yollar\u0131n\u0131n kapat\u0131lmad\u0131\u011f\u0131, Filistinlilerin ya\u015fad\u0131\u011f\u0131 k\u00f6ylere y\u00f6nelik sald\u0131r\u0131lar\u0131n da devam etti\u011fi aktar\u0131ld\u0131.<\/p>\n<p>Son sald\u0131r\u0131n\u0131n hedefi ise Nablus\u2019un g\u00fcneyindeki Jalud K\u00f6y\u00fc oldu.<\/p>\n<p>Sald\u0131r\u0131ya u\u011frayan evlerden birinin sahibi Mahmud al-Tubasi, ya\u015fananlar\u0131 \u015fu s\u00f6zlerle anlatt\u0131:<\/p>\n<p>\u201c100\u2019den fazla yerle\u015fimci bize sald\u0131rd\u0131. Evleri her yandan ku\u015fatt\u0131lar,&#8230;<\/p>\n","protected":false},"excerpt":{"rendered":"<p>\u0130\u015fgal alt\u0131ndaki Bat\u0131 \u015eeria\u2019da \u0130srailli yerle\u015fimcilerin \u00e7ekti\u011fi dikenli teller nedeniyle Filistinli \u00e7ocuklar iki haftad\u0131r okula gidemiyor. B\u00f6lgedeki&#8230;<\/p>\n","protected":false},"author":2,"featured_media":30449,"comment_status":"open","ping_status":"open","sticky":false,"template":"","format":"standard","meta":{"footnotes":""},"categories":[8,6,5],"tags":[],"class_list":["post-30450","post","type-post","status-publish","format-standard","has-post-thumbnail","hentry","category-arsiv","category-gundem","category-son-dakika"],"_links":{"self":[{"href":"https:\/\/eskigazeteci.com\/index.php?rest_route=\/wp\/v2\/posts\/30450","targetHints":{"allow":["GET"]}}],"collection":[{"href":"https:\/\/eskigazeteci.com\/index.php?rest_route=\/wp\/v2\/posts"}],"about":[{"href":"https:\/\/eskigazeteci.com\/index.php?rest_route=\/wp\/v2\/types\/post"}],"author":[{"embeddable":true,"href":"https:\/\/eskigazeteci.com\/index.php?rest_route=\/wp\/v2\/users\/2"}],"replies":[{"embeddable":true,"href":"https:\/\/eskigazeteci.com\/index.php?rest_route=%2Fwp%2Fv2%2Fcomments&post=30450"}],"version-history":[{"count":0,"href":"https:\/\/eskigazeteci.com\/index.php?rest_route=\/wp\/v2\/posts\/30450\/revisions"}],"wp:featuredmedia":[{"embeddable":true,"href":"https:\/\/eskigazeteci.com\/index.php?rest_route=\/wp\/v2\/media\/30449"}],"wp:attachment":[{"href":"https:\/\/eskigazeteci.com\/index.php?rest_route=%2Fwp%2Fv2%2Fmedia&parent=30450"}],"wp:term":[{"taxonomy":"category","embeddable":true,"href":"https:\/\/eskigazeteci.com\/index.php?rest_route=%2Fwp%2Fv2%2Fcategories&post=30450"},{"taxonomy":"post_tag","embeddable":true,"href":"https:\/\/eskigazeteci.com\/index.php?rest_route=%2Fwp%2Fv2%2Ftags&post=30450"}],"curies":[{"name":"wp","href":"https:\/\/api.w.org\/{rel}","templated":true}]}}