{"id":30448,"date":"2026-04-29T10:05:16","date_gmt":"2026-04-29T10:05:16","guid":{"rendered":"https:\/\/eskigazeteci.com\/?p=30448"},"modified":"2026-04-29T10:05:16","modified_gmt":"2026-04-29T10:05:16","slug":"damarlarinda-dolasan-kan-bile-onu-kurtarmadi-askerligi-bitince-daha-da-siradan-biri-olacak-buyur-sana-gercek-hayat","status":"publish","type":"post","link":"https:\/\/eskigazeteci.com\/?p=30448","title":{"rendered":"Damarlar\u0131nda dola\u015fan kan bile onu kurtarmad\u0131&#8230; Askerli\u011fi bitince daha da s\u0131radan biri olacak&#8230; Buyur sana ger\u00e7ek hayat!"},"content":{"rendered":"<p>B\u00f6yle bak\u0131ld\u0131\u011f\u0131nda bu t\u00fcr ailelerde d\u00fcnyaya gelen ya da sonradan evlilik yoluyla kat\u0131lan ki\u015filerin p\u00fcr\u00fczs\u00fcz bir hayat ya\u015fad\u0131\u011f\u0131 san\u0131labilir.<\/p>\n<p>Elbette belli bir noktaya kadar do\u011frudur asl\u0131nda bu durum. Ama g\u00fcn\u00fcm\u00fczde bu konuda da baz\u0131 de\u011fi\u015fiklikler var.<\/p>\n<p>\u00dclkelerinin taht\u0131nda oturan krallar ve krali\u00e7eler elbette \u00e7ocuklar\u0131n\u0131 \u00f6zellikle de veliahtlar\u0131n\u0131 hayat\u0131n ger\u00e7ekleriyle tan\u0131\u015ft\u0131rarak b\u00fcy\u00fct\u00fcyorlar art\u0131k. Bir ba\u015fka a\u00e7\u0131dan bak\u0131ld\u0131\u011f\u0131nda &quot;Bu \u00e7a\u011fda kraliyet ailesi de neymi\u015f&quot; diye tepki g\u00f6sterenleri de yumu\u015fatmak i\u00e7in gerekli bu ad\u0131m.<\/p>\n<p>B\u00f6ylesine \u00f6zel bir ortamda do\u011fan \u00e7ocuklar da bir yandan ayr\u0131cal\u0131klar\u0131n\u0131n keyfini \u00e7\u0131kar\u0131rken di\u011fer yandan belki bundan y\u00fcz y\u0131l \u00f6nce olsa kendileri i\u00e7in hi\u00e7 d\u00fc\u015f\u00fcn\u00fclmeyecek \u015feyleri yap\u0131yorlar.<\/p>\n<p>ONLARA HALKIN SEMPAT\u0130S\u0130 DE GEREK Bunun \u00f6rneklerinden biri de \u0130spanya Kral\u0131 Felipe ve kar\u0131s\u0131 \u0130spanya Krali\u00e7esi Letizia&#x27;n\u0131n k\u0131zlar\u0131 Leonor ve Sofia.<\/p>\n<p>Eski bir gazeteci olan Letizia, her ne kadar s\u0131radan bir aileden gelse de konumuna k\u0131sa s\u00fcrede adapte oldu. \u0130ki k\u0131z\u0131 Leonor ve Sofia&#x27;y\u0131 da bu \u015fekilde yeti\u015ftiriyor.<\/p>\n<p>Gelece\u011fin krali\u00e7esi Leonor ile karde\u015fi Sofia, art\u0131k pop\u00fclerlik a\u00e7\u0131s\u0131ndan anne ve babalar\u0131n\u0131 bile \u00e7oktan geride b\u0131rakt\u0131.<\/p>\n<p>Bourbon ailesinin yani \u0130spanya kraliyet&#8230;<\/p>\n","protected":false},"excerpt":{"rendered":"<p>Kraliyet ailesi denildi\u011finde ilk anda akla gelenler bellidir&#8230; Kocaman ve g\u00f6steri\u015fli saraylar, m\u00fccevherler, ta\u00e7lar, s\u0131n\u0131rs\u0131z ayr\u0131cal\u0131k, bol varl\u0131k.<\/p>\n","protected":false},"author":2,"featured_media":30447,"comment_status":"open","ping_status":"open","sticky":false,"template":"","format":"standard","meta":{"footnotes":""},"categories":[8,6,5],"tags":[],"class_list":["post-30448","post","type-post","status-publish","format-standard","has-post-thumbnail","hentry","category-arsiv","category-gundem","category-son-dakika"],"_links":{"self":[{"href":"https:\/\/eskigazeteci.com\/index.php?rest_route=\/wp\/v2\/posts\/30448","targetHints":{"allow":["GET"]}}],"collection":[{"href":"https:\/\/eskigazeteci.com\/index.php?rest_route=\/wp\/v2\/posts"}],"about":[{"href":"https:\/\/eskigazeteci.com\/index.php?rest_route=\/wp\/v2\/types\/post"}],"author":[{"embeddable":true,"href":"https:\/\/eskigazeteci.com\/index.php?rest_route=\/wp\/v2\/users\/2"}],"replies":[{"embeddable":true,"href":"https:\/\/eskigazeteci.com\/index.php?rest_route=%2Fwp%2Fv2%2Fcomments&post=30448"}],"version-history":[{"count":0,"href":"https:\/\/eskigazeteci.com\/index.php?rest_route=\/wp\/v2\/posts\/30448\/revisions"}],"wp:featuredmedia":[{"embeddable":true,"href":"https:\/\/eskigazeteci.com\/index.php?rest_route=\/wp\/v2\/media\/30447"}],"wp:attachment":[{"href":"https:\/\/eskigazeteci.com\/index.php?rest_route=%2Fwp%2Fv2%2Fmedia&parent=30448"}],"wp:term":[{"taxonomy":"category","embeddable":true,"href":"https:\/\/eskigazeteci.com\/index.php?rest_route=%2Fwp%2Fv2%2Fcategories&post=30448"},{"taxonomy":"post_tag","embeddable":true,"href":"https:\/\/eskigazeteci.com\/index.php?rest_route=%2Fwp%2Fv2%2Ftags&post=30448"}],"curies":[{"name":"wp","href":"https:\/\/api.w.org\/{rel}","templated":true}]}}