{"id":30446,"date":"2026-04-29T10:03:43","date_gmt":"2026-04-29T10:03:43","guid":{"rendered":"https:\/\/eskigazeteci.com\/?p=30446"},"modified":"2026-04-29T10:03:43","modified_gmt":"2026-04-29T10:03:43","slug":"beyazla-jokerde-3-milyon-sevinci","status":"publish","type":"post","link":"https:\/\/eskigazeteci.com\/?p=30446","title":{"rendered":"Beyaz\u2019la Joker\u2019de 3 milyon sevinci"},"content":{"rendered":"<p>\u201cHAYALLER GER\u00c7EK OLDU\u201d<\/p>\n<p>\u201cYani s\u0131f\u0131ra d\u00fc\u015fseydim de umurumda de\u011fildi\u201d diyen Avcu, as\u0131l \u00f6nemli olan\u0131n bu deneyimi ya\u015famak oldu\u011funu vurgulad\u0131. Avcu, b\u00fcy\u00fck \u00f6d\u00fcl\u00fc kazanmas\u0131n\u0131n ard\u0131ndan \u201cHayaller ger\u00e7ek oldu\u201d diyerek sevincini payla\u015ft\u0131.<\/p>\n<p>BEYAZ \u0130LE SAM\u0130M\u0130 SOHBET<\/p>\n<p>Beyaz\u0131t \u00d6zt\u00fcrk ile kurdu\u011fu samimi ileti\u015fimin kendisini \u00e7ok rahatlatt\u0131\u011f\u0131n\u0131 belirten Avcu, \u201cBeni konu\u015fturmas\u0131, bana pas atmas\u0131 ve o kar\u015f\u0131l\u0131kl\u0131 sohbet ortam\u0131 heyecan\u0131m\u0131 ald\u0131\u201d dedi. Yar\u0131\u015fma boyunca sohbetlerin kendisine g\u00fcven verdi\u011fini ifade eden gen\u00e7 yar\u0131\u015fmac\u0131, bu deneyimin unutulmaz bir an\u0131 olarak kalaca\u011f\u0131n\u0131 s\u00f6yledi.<\/p>\n<p>\u201c\u0130LK AKLA GELEN GENELDE DO\u011eRU\u201d<\/p>\n<p>Baz\u0131 sorularda karars\u0131z kald\u0131\u011f\u0131n\u0131 ve joker kulland\u0131\u011f\u0131 iki soru i\u00e7in pi\u015fmanl\u0131k duydu\u011funu da dile getiren Avcu, \u201c\u015e\u0131klar aras\u0131nda kal\u0131nca ilk akla gelen genelde do\u011fru oluyor\u201d diyerek yar\u0131\u015fmac\u0131lara \u00f6nemli bir tavsiye verdi.<\/p>\n<p>\u201cD\u00dcNYAYI GEZMEK \u0130ST\u0130YORUM\u201d<\/p>\n<p>B\u00fcy\u00fck \u00f6d\u00fcl sonras\u0131 planlar\u0131n\u0131 da payla\u015fan Avcu, \u015f\u00f6yle konu\u015ftu: E\u011fer elimde g\u00fczel bir miktar kal\u0131rsa hayalim seyahat etmek. Sadece bakmak de\u011fil, ger\u00e7ekten g\u00f6rmek ve ya\u015fayarak gezmek istiyorum.<\/p>\n<p>Erdi Yap\u0131m ve CB Yap\u0131m imzal\u0131 Beyaz\u2019la Joker, sal\u0131 ak\u015famlar\u0131 saat 20.00\u2019de Kanal D \u2019de\u2026<\/p>\n<p>T\u00fcrkiye&#x27;den ve D\u00fcnya\u2019dan son dakika haberleri, k\u00f6\u015fe yaz\u0131lar\u0131,&#8230;<\/p>\n","protected":false},"excerpt":{"rendered":"<p>Kanal D\u2019nin sevilen yar\u0131\u015fmas\u0131 Beyaz\u2019la Joker\u2019de bu hafta 3 milyon sevinci ya\u015fand\u0131. Yar\u0131\u015fmac\u0131lardan An\u0131l Avcu, kazand\u0131\u011f\u0131 b\u00fcy\u00fck \u00f6d\u00fcl\u00fcn ard\u0131ndan duygular\u0131n\u0131&#8230;<\/p>\n","protected":false},"author":2,"featured_media":30445,"comment_status":"open","ping_status":"open","sticky":false,"template":"","format":"standard","meta":{"footnotes":""},"categories":[8,6,5],"tags":[],"class_list":["post-30446","post","type-post","status-publish","format-standard","has-post-thumbnail","hentry","category-arsiv","category-gundem","category-son-dakika"],"_links":{"self":[{"href":"https:\/\/eskigazeteci.com\/index.php?rest_route=\/wp\/v2\/posts\/30446","targetHints":{"allow":["GET"]}}],"collection":[{"href":"https:\/\/eskigazeteci.com\/index.php?rest_route=\/wp\/v2\/posts"}],"about":[{"href":"https:\/\/eskigazeteci.com\/index.php?rest_route=\/wp\/v2\/types\/post"}],"author":[{"embeddable":true,"href":"https:\/\/eskigazeteci.com\/index.php?rest_route=\/wp\/v2\/users\/2"}],"replies":[{"embeddable":true,"href":"https:\/\/eskigazeteci.com\/index.php?rest_route=%2Fwp%2Fv2%2Fcomments&post=30446"}],"version-history":[{"count":0,"href":"https:\/\/eskigazeteci.com\/index.php?rest_route=\/wp\/v2\/posts\/30446\/revisions"}],"wp:featuredmedia":[{"embeddable":true,"href":"https:\/\/eskigazeteci.com\/index.php?rest_route=\/wp\/v2\/media\/30445"}],"wp:attachment":[{"href":"https:\/\/eskigazeteci.com\/index.php?rest_route=%2Fwp%2Fv2%2Fmedia&parent=30446"}],"wp:term":[{"taxonomy":"category","embeddable":true,"href":"https:\/\/eskigazeteci.com\/index.php?rest_route=%2Fwp%2Fv2%2Fcategories&post=30446"},{"taxonomy":"post_tag","embeddable":true,"href":"https:\/\/eskigazeteci.com\/index.php?rest_route=%2Fwp%2Fv2%2Ftags&post=30446"}],"curies":[{"name":"wp","href":"https:\/\/api.w.org\/{rel}","templated":true}]}}