{"id":30444,"date":"2026-04-29T09:55:16","date_gmt":"2026-04-29T09:55:16","guid":{"rendered":"https:\/\/eskigazeteci.com\/?p=30444"},"modified":"2026-04-29T09:55:16","modified_gmt":"2026-04-29T09:55:16","slug":"cumhurbaskani-erdogandan-onemli-aciklamalar-17","status":"publish","type":"post","link":"https:\/\/eskigazeteci.com\/?p=30444","title":{"rendered":"Cumhurba\u015fkan\u0131 Erdo\u011fan&#8217;dan \u00f6nemli a\u00e7\u0131klamalar"},"content":{"rendered":"<p>Cumhurba\u015fkan\u0131 Erdo\u011fan&#x27;\u0131n konu\u015fmas\u0131ndan sat\u0131r ba\u015flar\u0131 \u015funlar oldu:<\/p>\n<p>Aziz milletim, de\u011ferli vekil arkada\u015flar\u0131m, han\u0131mefendiler beyefendiler sizleri en kalbi duygular\u0131mla selaml\u0131yorum. Sizlerin huzurunda T\u00fcrkiye Y\u00fczy\u0131l\u0131 i\u00e7in gecesini g\u00fcnd\u00fcz\u00fcne katan dava arkada\u015flar\u0131m\u0131 h\u00fcrmetle selaml\u0131yorum.<\/p>\n<p>Maruz kald\u0131klar\u0131 onca barbarl\u0131\u011fa ve soyk\u0131r\u0131ma ra\u011fmen topraklar\u0131na sahip \u00e7\u0131kan Filistin&#x27;in yi\u011fit evlatlar\u0131n\u0131 bug\u00fcn bir kez daha h\u00fcrmetle selaml\u0131yor, dualar\u0131m\u0131zla desteklerimizle daima yanlar\u0131nda oldu\u011fumuzu tekrar ifade ediyorum.<\/p>\n<p>T\u00fcrkiye g\u00fcndeminden son dakika haberleri, bug\u00fcn ya\u015fanan en son geli\u015fmeler, siyaset g\u00fcndeminden g\u00fcncel haberler ve b\u00fct\u00fcn son dakika haberleri i\u00e7in H\u00fcrriyet&#x27;in internet haber sitesi hurriyet.com.tr; Hurriyet.com.tr haber i\u00e7erikleri kaynak g\u00f6sterilmeden al\u0131nt\u0131 yap\u0131lamaz, Kanuna ayk\u0131r\u0131 ve izinsiz olarak kopyalanamaz, ba\u015fka yerde yay\u0131nlanamaz.<\/p>\n","protected":false},"excerpt":{"rendered":"<p>Cumhurba\u015fkan\u0131 ve AK Parti Genel Ba\u015fkan\u0131 Recep Tayyip Erdo\u011fan, partisinin TBMM grup toplant\u0131s\u0131nda a\u00e7\u0131klamalarda bulunuyor.<\/p>\n","protected":false},"author":2,"featured_media":30443,"comment_status":"open","ping_status":"open","sticky":false,"template":"","format":"standard","meta":{"footnotes":""},"categories":[8,6,5],"tags":[],"class_list":["post-30444","post","type-post","status-publish","format-standard","has-post-thumbnail","hentry","category-arsiv","category-gundem","category-son-dakika"],"_links":{"self":[{"href":"https:\/\/eskigazeteci.com\/index.php?rest_route=\/wp\/v2\/posts\/30444","targetHints":{"allow":["GET"]}}],"collection":[{"href":"https:\/\/eskigazeteci.com\/index.php?rest_route=\/wp\/v2\/posts"}],"about":[{"href":"https:\/\/eskigazeteci.com\/index.php?rest_route=\/wp\/v2\/types\/post"}],"author":[{"embeddable":true,"href":"https:\/\/eskigazeteci.com\/index.php?rest_route=\/wp\/v2\/users\/2"}],"replies":[{"embeddable":true,"href":"https:\/\/eskigazeteci.com\/index.php?rest_route=%2Fwp%2Fv2%2Fcomments&post=30444"}],"version-history":[{"count":0,"href":"https:\/\/eskigazeteci.com\/index.php?rest_route=\/wp\/v2\/posts\/30444\/revisions"}],"wp:featuredmedia":[{"embeddable":true,"href":"https:\/\/eskigazeteci.com\/index.php?rest_route=\/wp\/v2\/media\/30443"}],"wp:attachment":[{"href":"https:\/\/eskigazeteci.com\/index.php?rest_route=%2Fwp%2Fv2%2Fmedia&parent=30444"}],"wp:term":[{"taxonomy":"category","embeddable":true,"href":"https:\/\/eskigazeteci.com\/index.php?rest_route=%2Fwp%2Fv2%2Fcategories&post=30444"},{"taxonomy":"post_tag","embeddable":true,"href":"https:\/\/eskigazeteci.com\/index.php?rest_route=%2Fwp%2Fv2%2Ftags&post=30444"}],"curies":[{"name":"wp","href":"https:\/\/api.w.org\/{rel}","templated":true}]}}