{"id":30442,"date":"2026-04-29T09:53:43","date_gmt":"2026-04-29T09:53:43","guid":{"rendered":"https:\/\/eskigazeteci.com\/?p=30442"},"modified":"2026-04-29T09:53:43","modified_gmt":"2026-04-29T09:53:43","slug":"kurban-bayrami-emekli-ikramiyelerine-zam-var-mi-bakan-isikhandan-bayram-ikramiyesi-aciklamasi","status":"publish","type":"post","link":"https:\/\/eskigazeteci.com\/?p=30442","title":{"rendered":"Kurban Bayram\u0131 emekli ikramiyelerine zam var m\u0131? Bakan I\u015f\u0131khan&#8217;dan bayram ikramiyesi a\u00e7\u0131klamas\u0131"},"content":{"rendered":"<p>\u00c7al\u0131\u015fma ve Sosyal G\u00fcvenlik Bakan\u0131 Vedat I\u015f\u0131khan, Kurban bayram\u0131 ikramiyelerini ramazan bayram\u0131nda oldu\u011fu gibi ayn\u0131 miktarda verece\u011fiz. Yine 4 bin TL&#8230;<\/p>\n","protected":false},"excerpt":{"rendered":"<p>\u00c7al\u0131\u015fma ve Sosyal G\u00fcvenlik Bakan\u0131 Vedat I\u015f\u0131khan, Kurban bayram\u0131 ikramiyelerini ramazan bayram\u0131nda oldu\u011fu gibi ayn\u0131 miktarda verece\u011fiz. Yine 4 bin TL&#8230;<\/p>\n","protected":false},"author":2,"featured_media":30441,"comment_status":"open","ping_status":"open","sticky":false,"template":"","format":"standard","meta":{"footnotes":""},"categories":[8,6,5],"tags":[],"class_list":["post-30442","post","type-post","status-publish","format-standard","has-post-thumbnail","hentry","category-arsiv","category-gundem","category-son-dakika"],"_links":{"self":[{"href":"https:\/\/eskigazeteci.com\/index.php?rest_route=\/wp\/v2\/posts\/30442","targetHints":{"allow":["GET"]}}],"collection":[{"href":"https:\/\/eskigazeteci.com\/index.php?rest_route=\/wp\/v2\/posts"}],"about":[{"href":"https:\/\/eskigazeteci.com\/index.php?rest_route=\/wp\/v2\/types\/post"}],"author":[{"embeddable":true,"href":"https:\/\/eskigazeteci.com\/index.php?rest_route=\/wp\/v2\/users\/2"}],"replies":[{"embeddable":true,"href":"https:\/\/eskigazeteci.com\/index.php?rest_route=%2Fwp%2Fv2%2Fcomments&post=30442"}],"version-history":[{"count":0,"href":"https:\/\/eskigazeteci.com\/index.php?rest_route=\/wp\/v2\/posts\/30442\/revisions"}],"wp:featuredmedia":[{"embeddable":true,"href":"https:\/\/eskigazeteci.com\/index.php?rest_route=\/wp\/v2\/media\/30441"}],"wp:attachment":[{"href":"https:\/\/eskigazeteci.com\/index.php?rest_route=%2Fwp%2Fv2%2Fmedia&parent=30442"}],"wp:term":[{"taxonomy":"category","embeddable":true,"href":"https:\/\/eskigazeteci.com\/index.php?rest_route=%2Fwp%2Fv2%2Fcategories&post=30442"},{"taxonomy":"post_tag","embeddable":true,"href":"https:\/\/eskigazeteci.com\/index.php?rest_route=%2Fwp%2Fv2%2Ftags&post=30442"}],"curies":[{"name":"wp","href":"https:\/\/api.w.org\/{rel}","templated":true}]}}