{"id":30440,"date":"2026-04-29T09:46:46","date_gmt":"2026-04-29T09:46:46","guid":{"rendered":"https:\/\/eskigazeteci.com\/?p=30440"},"modified":"2026-04-29T09:46:46","modified_gmt":"2026-04-29T09:46:46","slug":"icralik-tuccar-dehset-sacti-icraci-yaralandi-avukat-kardesi-hayatini-kaybetti","status":"publish","type":"post","link":"https:\/\/eskigazeteci.com\/?p=30440","title":{"rendered":"\u0130cral\u0131k t\u00fcccar deh\u015fet sa\u00e7t\u0131: \u0130crac\u0131 yaraland\u0131, avukat karde\u015fi hayat\u0131n\u0131 kaybetti"},"content":{"rendered":"<p>Olay, d\u00fcn saat 17.00 s\u0131ralar\u0131nda, G\u00fcrsu il\u00e7esi A\u011fak\u00f6y Mahallesi&#x27;nde meydana geldi. \u0130ddiaya g\u00f6re H.\u00c7., so\u011fuk hava deposu bulunan Elif \u00c7al\u0131\u015fkan\u2019a armut satt\u0131. \u00d6demesini yapan \u00c7al\u0131\u015fkan\u2019dan ihracatta kullan\u0131lan 5 milyon TL\u2019lik armut kasas\u0131 sat\u0131n alan H.\u00c7. ise borcunu \u00f6demedi. \u00c7al\u0131\u015fkan, \u0130stanbul Barosu&#x27;na kay\u0131tl\u0131 avukat olan k\u0131z karde\u015fi Hatice Kocaefe arac\u0131l\u0131\u011f\u0131yla hukuki s\u00fcre\u00e7 ba\u015flat\u0131nca, H.\u00c7. ile aralar\u0131nda husumet olu\u015ftu. Yine iddiaya g\u00f6re k\u0131z karde\u015fleri telefonda tehdit eden H.\u00c7., hakk\u0131nda ba\u015flat\u0131lan icra takibinin geri \u00e7ekilmesini istedi. \u00c7al\u0131\u015fkan ile Kocaefe olumsuz yan\u0131t verip, hukuki s\u00fcrecin devam edece\u011fini belirtti.<\/p>\n<p>G\u00d6\u011eS\u00dcNDEN YARALANDI<\/p>\n<p>2 k\u0131z karde\u015f, babalar\u0131 Rahmi Kocaefe ve erkek karde\u015fleri Muammer Kocaefe ile birlikte sahibi olduklar\u0131 so\u011fuk hava deposuna y\u00fcr\u00fcyerek gittikleri s\u0131rada, otomobille \u00f6nlerini kesen H.\u00c7. taraf\u0131ndan silahla ate\u015f a\u00e7\u0131ld\u0131. \u015e\u00fcpheli otomobille ka\u00e7arken, Elif \u00c7al\u0131\u015fkan dizinden Hatice Kocaefe ise g\u00f6\u011fs\u00fcnden yaraland\u0131.<\/p>\n<p>\u0130hbarla b\u00f6lgeye jandarma ve sa\u011fl\u0131k ekipleri sevk edildi. Hatice Kocaefe ambulansla kald\u0131r\u0131ld\u0131\u011f\u0131 Bursa Y\u00fcksek \u0130htisas E\u011fitim ve Ara\u015ft\u0131rma Hastanesi&#x27;nde m\u00fcdahaleye ra\u011fmen kurtar\u0131lamad\u0131. Tedaviye al\u0131nan Elif \u00c7al\u0131\u015fkan\u2019\u0131n sa\u011fl\u0131k durumunun ise iyi&#8230;<\/p>\n","protected":false},"excerpt":{"rendered":"<p>Bursa\u2019n\u0131n G\u00fcrsu il\u00e7esinde H.\u00c7., borcunu \u00f6demedi\u011fi i\u00e7in hakk\u0131nda icra takibi ba\u015flatan so\u011fuk hava deposu sahibi Elif \u00c7al\u0131\u015fkan ile k\u0131z karde\u015fi 26 ya\u015f\u0131ndaki&#8230;<\/p>\n","protected":false},"author":2,"featured_media":30439,"comment_status":"open","ping_status":"open","sticky":false,"template":"","format":"standard","meta":{"footnotes":""},"categories":[8,6,5],"tags":[],"class_list":["post-30440","post","type-post","status-publish","format-standard","has-post-thumbnail","hentry","category-arsiv","category-gundem","category-son-dakika"],"_links":{"self":[{"href":"https:\/\/eskigazeteci.com\/index.php?rest_route=\/wp\/v2\/posts\/30440","targetHints":{"allow":["GET"]}}],"collection":[{"href":"https:\/\/eskigazeteci.com\/index.php?rest_route=\/wp\/v2\/posts"}],"about":[{"href":"https:\/\/eskigazeteci.com\/index.php?rest_route=\/wp\/v2\/types\/post"}],"author":[{"embeddable":true,"href":"https:\/\/eskigazeteci.com\/index.php?rest_route=\/wp\/v2\/users\/2"}],"replies":[{"embeddable":true,"href":"https:\/\/eskigazeteci.com\/index.php?rest_route=%2Fwp%2Fv2%2Fcomments&post=30440"}],"version-history":[{"count":0,"href":"https:\/\/eskigazeteci.com\/index.php?rest_route=\/wp\/v2\/posts\/30440\/revisions"}],"wp:featuredmedia":[{"embeddable":true,"href":"https:\/\/eskigazeteci.com\/index.php?rest_route=\/wp\/v2\/media\/30439"}],"wp:attachment":[{"href":"https:\/\/eskigazeteci.com\/index.php?rest_route=%2Fwp%2Fv2%2Fmedia&parent=30440"}],"wp:term":[{"taxonomy":"category","embeddable":true,"href":"https:\/\/eskigazeteci.com\/index.php?rest_route=%2Fwp%2Fv2%2Fcategories&post=30440"},{"taxonomy":"post_tag","embeddable":true,"href":"https:\/\/eskigazeteci.com\/index.php?rest_route=%2Fwp%2Fv2%2Ftags&post=30440"}],"curies":[{"name":"wp","href":"https:\/\/api.w.org\/{rel}","templated":true}]}}