{"id":30438,"date":"2026-04-29T09:45:13","date_gmt":"2026-04-29T09:45:13","guid":{"rendered":"https:\/\/eskigazeteci.com\/?p=30438"},"modified":"2026-04-29T09:45:13","modified_gmt":"2026-04-29T09:45:13","slug":"benzine-ve-motorine-mazota-gece-yarisi-zam-geldi-akaryakit-fiyatlari-29-nisan-2026","status":"publish","type":"post","link":"https:\/\/eskigazeteci.com\/?p=30438","title":{"rendered":"Benzine ve motorine (mazota) gece yar\u0131s\u0131 zam geldi! Akaryak\u0131t fiyatlar\u0131 29 Nisan 2026"},"content":{"rendered":"<p>Akaryak\u0131t fiyatlar\u0131 29 Nisan 2026 \u00c7ar\u015famba g\u00fcn\u00fc tabelalardaki yerini ald\u0131. Uluslararas\u0131 \u00fcr\u00fcn fiyatlar\u0131ndaki art\u0131\u015f\u0131n i\u00e7 piyasaya yans\u0131mas\u0131 sonucu, 28 Nisan&#x27;\u0131 29 Nisan&#x27;a ba\u011flayan gece yar\u0131s\u0131ndan itibaren ge\u00e7erli olmak \u00fczere motorin grubunda ve benzin grubunda bir fiyat art\u0131\u015f\u0131 ger\u00e7ekle\u015fti. Bu zamla birlikte, \u00f6zellikle nakliye ve lojistik sekt\u00f6r\u00fcn\u00fcn ana gider kalemi olan motorin fiyatlar\u0131 70 TL e\u015fi\u011finin \u00fczerine \u00e7\u0131kt\u0131. Akaryak\u0131t istasyonlar\u0131nda tabelalar sabah\u0131n ilk \u0131\u015f\u0131klar\u0131yla g\u00fcncellenirken, iller aras\u0131ndaki nakliye farklar\u0131ndan dolay\u0131 \u0130stanbul, Ankara ve \u0130zmir gibi metropollerde fiyatlar k\u00fc\u00e7\u00fck farkl\u0131l\u0131klar g\u00f6sterse de genel art\u0131\u015f e\u011filimi s\u00fcr\u00fcc\u00fclerin cebini do\u011frudan etkilemeye devam ediyor.<\/p>\n<p>Akaryak\u0131t fiyatlar\u0131 29 Nisan 2026 \u00c7ar\u015famba g\u00fcn\u00fc tabelalardaki yerini ald\u0131. Uluslararas\u0131 \u00fcr\u00fcn fiyatlar\u0131ndaki art\u0131\u015f\u0131n i\u00e7 piyasaya yans\u0131mas\u0131 sonucu, 28 Nisan&#x27;\u0131 29 Nisan&#x27;a ba\u011flayan gece yar\u0131s\u0131ndan itibaren ge\u00e7erli olmak \u00fczere motorin grubunda ve benzin grubunda bir fiyat art\u0131\u015f\u0131 ger\u00e7ekle\u015fti. Bu zamla birlikte, \u00f6zellikle nakliye ve lojistik sekt\u00f6r\u00fcn\u00fcn ana gider kalemi olan motorin fiyatlar\u0131 70 TL e\u015fi\u011finin \u00fczerine \u00e7\u0131kt\u0131. Akaryak\u0131t istasyonlar\u0131nda tabelalar sabah\u0131n ilk \u0131\u015f\u0131klar\u0131yla g\u00fcncellenirken, iller&#8230;<\/p>\n","protected":false},"excerpt":{"rendered":"<p>Benzine ve motorine (mazota) zam geldi! K\u00fcresel piyasalarda brent petrol fiyatlar\u0131ndaki dalgalanma ve d\u00f6viz kurundaki hareketlilik, T\u00fcrkiye&#8217;deki akaryak\u0131t&#8230;<\/p>\n","protected":false},"author":2,"featured_media":30437,"comment_status":"open","ping_status":"open","sticky":false,"template":"","format":"standard","meta":{"footnotes":""},"categories":[8,6,5],"tags":[],"class_list":["post-30438","post","type-post","status-publish","format-standard","has-post-thumbnail","hentry","category-arsiv","category-gundem","category-son-dakika"],"_links":{"self":[{"href":"https:\/\/eskigazeteci.com\/index.php?rest_route=\/wp\/v2\/posts\/30438","targetHints":{"allow":["GET"]}}],"collection":[{"href":"https:\/\/eskigazeteci.com\/index.php?rest_route=\/wp\/v2\/posts"}],"about":[{"href":"https:\/\/eskigazeteci.com\/index.php?rest_route=\/wp\/v2\/types\/post"}],"author":[{"embeddable":true,"href":"https:\/\/eskigazeteci.com\/index.php?rest_route=\/wp\/v2\/users\/2"}],"replies":[{"embeddable":true,"href":"https:\/\/eskigazeteci.com\/index.php?rest_route=%2Fwp%2Fv2%2Fcomments&post=30438"}],"version-history":[{"count":0,"href":"https:\/\/eskigazeteci.com\/index.php?rest_route=\/wp\/v2\/posts\/30438\/revisions"}],"wp:featuredmedia":[{"embeddable":true,"href":"https:\/\/eskigazeteci.com\/index.php?rest_route=\/wp\/v2\/media\/30437"}],"wp:attachment":[{"href":"https:\/\/eskigazeteci.com\/index.php?rest_route=%2Fwp%2Fv2%2Fmedia&parent=30438"}],"wp:term":[{"taxonomy":"category","embeddable":true,"href":"https:\/\/eskigazeteci.com\/index.php?rest_route=%2Fwp%2Fv2%2Fcategories&post=30438"},{"taxonomy":"post_tag","embeddable":true,"href":"https:\/\/eskigazeteci.com\/index.php?rest_route=%2Fwp%2Fv2%2Ftags&post=30438"}],"curies":[{"name":"wp","href":"https:\/\/api.w.org\/{rel}","templated":true}]}}