{"id":30436,"date":"2026-04-29T09:43:42","date_gmt":"2026-04-29T09:43:42","guid":{"rendered":"https:\/\/eskigazeteci.com\/?p=30436"},"modified":"2026-04-29T09:43:42","modified_gmt":"2026-04-29T09:43:42","slug":"demet-ozdemir-ilham-verici-bir-hikayenin-parcasiyim","status":"publish","type":"post","link":"https:\/\/eskigazeteci.com\/?p=30436","title":{"rendered":"Demet \u00d6zdemir: \u0130lham verici bir hikayenin par\u00e7as\u0131y\u0131m"},"content":{"rendered":"<p>\u00dcnl\u00fc oyuncu, Trendyolmilla\u2019n\u0131n \u2018Kendini Yans\u0131t D\u00fcnyaya\u2019 mottosuyla stil ve trend odakl\u0131 ruhunu yans\u0131tacak.<\/p>\n<p>Markan\u0131n ilkbahar-yaz sezonu i\u00e7in haz\u0131rlad\u0131\u011f\u0131 yeni koleksiyon i\u00e7in kamera kar\u015f\u0131s\u0131na ge\u00e7en \u00d6zdemir \u201cT\u00fcrkiye\u2019nin \u00f6nde gelen dijital moda markalar\u0131ndan Trendyolmilla ile bu yolculu\u011fa \u00e7\u0131kmak benim i\u00e7in \u00e7ok heyecan vericiydi.<\/p>\n<p>Bu i\u015f birli\u011finin haz\u0131rl\u0131k s\u00fcrecinin her detay\u0131nda o g\u00fc\u00e7l\u00fc ve dinamik ruhu hissetti\u011fim keyifli bir \u00e7al\u0131\u015fma oldu. B\u00f6ylesine ilham verici bir hik\u00e2yenin par\u00e7as\u0131 olmaktan b\u00fcy\u00fck mutluluk duyuyorum\u201d diye konu\u015ftu.<\/p>\n<p>T\u00fcrkiye&#x27;den ve D\u00fcnya\u2019dan son dakika haberleri, k\u00f6\u015fe yaz\u0131lar\u0131, magazinden siyasete, spordan seyahate b\u00fct\u00fcn konular\u0131n tek adresi Hurriyet.com.tr haber i\u00e7erikleri izin al\u0131nmadan, kaynak g\u00f6sterilerek dahi iktibas edilemez. Kanuna ayk\u0131r\u0131 ve izinsiz olarak kopyalanamaz, ba\u015fka yerde yay\u0131nlanamaz.<\/p>\n","protected":false},"excerpt":{"rendered":"<p>KANAL D\u2019nin sevilen dizisi \u2018E\u015fref R\u00fcya\u2019n\u0131n ba\u015frol oyuncusu Demet \u00d6zdemir, online moda platformlar\u0131ndan Trendyolmilla\u2019n\u0131n yeni marka y\u00fcz\u00fc oldu.<\/p>\n","protected":false},"author":2,"featured_media":30435,"comment_status":"open","ping_status":"open","sticky":false,"template":"","format":"standard","meta":{"footnotes":""},"categories":[8,6,5],"tags":[],"class_list":["post-30436","post","type-post","status-publish","format-standard","has-post-thumbnail","hentry","category-arsiv","category-gundem","category-son-dakika"],"_links":{"self":[{"href":"https:\/\/eskigazeteci.com\/index.php?rest_route=\/wp\/v2\/posts\/30436","targetHints":{"allow":["GET"]}}],"collection":[{"href":"https:\/\/eskigazeteci.com\/index.php?rest_route=\/wp\/v2\/posts"}],"about":[{"href":"https:\/\/eskigazeteci.com\/index.php?rest_route=\/wp\/v2\/types\/post"}],"author":[{"embeddable":true,"href":"https:\/\/eskigazeteci.com\/index.php?rest_route=\/wp\/v2\/users\/2"}],"replies":[{"embeddable":true,"href":"https:\/\/eskigazeteci.com\/index.php?rest_route=%2Fwp%2Fv2%2Fcomments&post=30436"}],"version-history":[{"count":0,"href":"https:\/\/eskigazeteci.com\/index.php?rest_route=\/wp\/v2\/posts\/30436\/revisions"}],"wp:featuredmedia":[{"embeddable":true,"href":"https:\/\/eskigazeteci.com\/index.php?rest_route=\/wp\/v2\/media\/30435"}],"wp:attachment":[{"href":"https:\/\/eskigazeteci.com\/index.php?rest_route=%2Fwp%2Fv2%2Fmedia&parent=30436"}],"wp:term":[{"taxonomy":"category","embeddable":true,"href":"https:\/\/eskigazeteci.com\/index.php?rest_route=%2Fwp%2Fv2%2Fcategories&post=30436"},{"taxonomy":"post_tag","embeddable":true,"href":"https:\/\/eskigazeteci.com\/index.php?rest_route=%2Fwp%2Fv2%2Ftags&post=30436"}],"curies":[{"name":"wp","href":"https:\/\/api.w.org\/{rel}","templated":true}]}}