{"id":30422,"date":"2026-04-29T08:48:21","date_gmt":"2026-04-29T08:48:21","guid":{"rendered":"https:\/\/eskigazeteci.com\/?p=30422"},"modified":"2026-04-29T08:48:21","modified_gmt":"2026-04-29T08:48:21","slug":"yurt-disina-kacarken-yakalandi-eski-polisi-oldurmuslerdi-cinayetin-nedeni-ortaya-cikti","status":"publish","type":"post","link":"https:\/\/eskigazeteci.com\/?p=30422","title":{"rendered":"Yurt d\u0131\u015f\u0131na ka\u00e7arken yakaland\u0131! Eski polisi \u00f6ld\u00fcrm\u00fc\u015flerdi: Cinayetin nedeni ortaya \u00e7\u0131kt\u0131"},"content":{"rendered":"<p>Olay, 5 Nisan\u2019da saat 01.30 s\u0131ralar\u0131nda, Seyhan il\u00e7esi Dumlup\u0131nar Mahallesi Ahmet G\u00fcven Kaypak Caddesi\u2019ndeki oto kiralama d\u00fckkan\u0131nda meydana geldi. Restoran i\u015fletmecisi eski polis Erg\u00fcn Karakaya, karde\u015fi Eray Karakaya (32) ve kuzeni Tu\u011frul Karakaya (27) ile kendisine bor\u00e7lu olan F\u0131rat Bozk\u0131r\u2019\u0131n yan\u0131na gitti.<\/p>\n<p>Erg\u00fcn Karakaya ile Bozk\u0131r anla\u015famay\u0131nca, ikili aras\u0131nda tart\u0131\u015fma \u00e7\u0131kt\u0131. Karakaya\u2019n\u0131n yak\u0131nlar\u0131 ve Bozk\u0131r\u2019\u0131n tan\u0131d\u0131\u011f\u0131 12 ki\u015finin de kar\u0131\u015fmas\u0131yla tart\u0131\u015fma, kavgaya d\u00f6n\u00fc\u015ft\u00fc. Bozk\u0131r\u2019\u0131n yan\u0131ndaki \u015eaban Bozkurttan\u2019\u0131n tabancayla ate\u015f etmesi \u00fczerine Karakaya&#x27;n\u0131n da kar\u015f\u0131l\u0131k vermesiyle taraflar aras\u0131nda \u00e7at\u0131\u015fma \u00e7\u0131kt\u0131. G\u00f6\u011fs\u00fcnden vurulan Erg\u00fcn Karakaya hayat\u0131n\u0131 kaybetti, 5 ki\u015fi ise yaraland\u0131.<\/p>\n<p>YOLDA YAKALANDI<\/p>\n<p>Olayla ilgili \u00e7al\u0131\u015fma yapan Asayi\u015f \u015eube M\u00fcd\u00fcrl\u00fc\u011f\u00fc Cinayet B\u00fcro Amirli\u011fi ekipleri, kavgaya kar\u0131\u015fan 15 \u015f\u00fcpheliyi g\u00f6zalt\u0131na ald\u0131. Silah\u0131 kullanan \u015f\u00fcpheli \u015eaban Bozkurttan ise yurt d\u0131\u015f\u0131na ka\u00e7mak \u00fczere Gaziantep\u2019e giderken, otoyolda yakaland\u0131. Yap\u0131lan soru\u015fturmada F\u0131rat Bozk\u0131r\u2019\u0131n, borcuna kar\u015f\u0131l\u0131k Seyhan il\u00e7esindeki bir d\u00fckkan\u0131n\u0131 Erg\u00fcn Karakaya\u2019n\u0131n \u00fczerine devretti\u011fi belirlendi. S\u00f6z konusu i\u015f yerinin ipotekli olmas\u0131 \u00fczerine taraflar aras\u0131nda husumetin ba\u015flad\u0131\u011f\u0131 ortaya&#8230;<\/p>\n","protected":false},"excerpt":{"rendered":"<p>Adana\u2019da restoran i\u015fletmecisi eski polis Erg\u00fcn Karakaya\u2019n\u0131n (40) \u00f6ld\u00fc\u011f\u00fc kavgaya kar\u0131\u015ft\u0131\u011f\u0131 belirlenen 16 \u015f\u00fcpheli, g\u00f6zalt\u0131na al\u0131nd\u0131. Karakaya\u2019n\u0131n, alacakl\u0131&#8230;<\/p>\n","protected":false},"author":2,"featured_media":30421,"comment_status":"open","ping_status":"open","sticky":false,"template":"","format":"standard","meta":{"footnotes":""},"categories":[6,5],"tags":[],"class_list":["post-30422","post","type-post","status-publish","format-standard","has-post-thumbnail","hentry","category-gundem","category-son-dakika"],"_links":{"self":[{"href":"https:\/\/eskigazeteci.com\/index.php?rest_route=\/wp\/v2\/posts\/30422","targetHints":{"allow":["GET"]}}],"collection":[{"href":"https:\/\/eskigazeteci.com\/index.php?rest_route=\/wp\/v2\/posts"}],"about":[{"href":"https:\/\/eskigazeteci.com\/index.php?rest_route=\/wp\/v2\/types\/post"}],"author":[{"embeddable":true,"href":"https:\/\/eskigazeteci.com\/index.php?rest_route=\/wp\/v2\/users\/2"}],"replies":[{"embeddable":true,"href":"https:\/\/eskigazeteci.com\/index.php?rest_route=%2Fwp%2Fv2%2Fcomments&post=30422"}],"version-history":[{"count":0,"href":"https:\/\/eskigazeteci.com\/index.php?rest_route=\/wp\/v2\/posts\/30422\/revisions"}],"wp:featuredmedia":[{"embeddable":true,"href":"https:\/\/eskigazeteci.com\/index.php?rest_route=\/wp\/v2\/media\/30421"}],"wp:attachment":[{"href":"https:\/\/eskigazeteci.com\/index.php?rest_route=%2Fwp%2Fv2%2Fmedia&parent=30422"}],"wp:term":[{"taxonomy":"category","embeddable":true,"href":"https:\/\/eskigazeteci.com\/index.php?rest_route=%2Fwp%2Fv2%2Fcategories&post=30422"},{"taxonomy":"post_tag","embeddable":true,"href":"https:\/\/eskigazeteci.com\/index.php?rest_route=%2Fwp%2Fv2%2Ftags&post=30422"}],"curies":[{"name":"wp","href":"https:\/\/api.w.org\/{rel}","templated":true}]}}