{"id":30418,"date":"2026-04-29T08:45:15","date_gmt":"2026-04-29T08:45:15","guid":{"rendered":"https:\/\/eskigazeteci.com\/?p=30418"},"modified":"2026-04-29T08:45:15","modified_gmt":"2026-04-29T08:45:15","slug":"domenico-tedesconun-istanbuldan-ayrilacagi-tarih-belli-oldu","status":"publish","type":"post","link":"https:\/\/eskigazeteci.com\/?p=30418","title":{"rendered":"Domenico Tedesco&#8217;nun \u0130stanbul&#8217;dan ayr\u0131laca\u011f\u0131 tarih belli oldu"},"content":{"rendered":"<p>Fenerbah\u00e7e &#x27;nin k\u0131sa s\u00fcre \u00f6nce yollar\u0131n\u0131 ay\u0131rd\u0131\u011f\u0131n\u0131 resmen a\u00e7\u0131klad\u0131\u011f\u0131 teknik direkt\u00f6r Domenico Tedeso&#x27;nun \u0130stanbul&#x27;dan ayr\u0131laca\u011f\u0131 tarih duyuruldu.<\/p>\n<p>Fenerbah\u00e7e ayr\u0131l\u0131\u011f\u0131 b\u00f6yle a\u00e7\u0131klam\u0131\u015ft\u0131:<\/p>\n<p>Kamuoyuna Duyuru<\/p>\n<p>Y\u00f6netim kurulumuzun yapm\u0131\u015f oldu\u011fu toplant\u0131da al\u0131nan kararlar do\u011frultusunda;<\/p>\n<p>Teknik Direkt\u00f6r\u00fcm\u00fcz Domenico Tedesco ve teknik heyeti ile yollar\u0131m\u0131z ayr\u0131lm\u0131\u015ft\u0131r.<\/p>\n<p>Sportif Direkt\u00f6r\u00fcm\u00fcz Devin \u00d6zek ve Futbol Koordinat\u00f6r\u00fcm\u00fcz Berke \u00c7elebi ile de yollar\u0131m\u0131z\u0131n ayr\u0131lmas\u0131 kararla\u015ft\u0131r\u0131lm\u0131\u015ft\u0131r.<\/p>\n<p>Kendilerine kul\u00fcb\u00fcm\u00fcze yapt\u0131klar\u0131 katk\u0131lardan dolay\u0131 te\u015fekk\u00fcr eder; bundan sonraki kariyerlerinde ba\u015far\u0131lar dileriz.<\/p>\n<p>Yard\u0131mc\u0131 Antren\u00f6r\u00fcm\u00fcz Zeki Murat G\u00f6le, sezonun kalan ma\u00e7lar\u0131nda tak\u0131m\u0131m\u0131z\u0131n ba\u015f\u0131nda sahaya \u00e7\u0131kacakt\u0131r.<\/p>\n<p>Fenerbah\u00e7e Spor Kul\u00fcb\u00fc<\/p>\n<p>CUMA G\u00dcN\u00dc \u0130STANBUL&#x27;DAN AYRILIYOR<\/p>\n<p>Tedesco, 1 May\u0131s Cuma g\u00fcn\u00fc saat 12.20&#x27;de \u0130stanbul &#x27;dan ayr\u0131lacak.<\/p>\n<p>T\u00fcrkiye&#x27;den ve D\u00fcnya\u2019dan son dakika haberleri, k\u00f6\u015fe yaz\u0131lar\u0131, magazinden siyasete, spordan seyahate b\u00fct\u00fcn konular\u0131n tek adresi Hurriyet.com.tr haber i\u00e7erikleri izin al\u0131nmadan, kaynak g\u00f6sterilerek dahi iktibas edilemez. Kanuna ayk\u0131r\u0131 ve izinsiz olarak kopyalanamaz, ba\u015fka yerde yay\u0131nlanamaz.<\/p>\n","protected":false},"excerpt":{"rendered":"<p>Fenerbah\u00e7e&#8217;nin yollar\u0131n\u0131 ay\u0131rd\u0131\u011f\u0131 Domenico Tedesco&#8217;nun \u0130stanbul&#8217;dan ayr\u0131laca\u011f\u0131 tarih a\u00e7\u0131kland\u0131.<\/p>\n","protected":false},"author":2,"featured_media":30417,"comment_status":"open","ping_status":"open","sticky":false,"template":"","format":"standard","meta":{"footnotes":""},"categories":[8,5,7],"tags":[],"class_list":["post-30418","post","type-post","status-publish","format-standard","has-post-thumbnail","hentry","category-arsiv","category-son-dakika","category-spor"],"_links":{"self":[{"href":"https:\/\/eskigazeteci.com\/index.php?rest_route=\/wp\/v2\/posts\/30418","targetHints":{"allow":["GET"]}}],"collection":[{"href":"https:\/\/eskigazeteci.com\/index.php?rest_route=\/wp\/v2\/posts"}],"about":[{"href":"https:\/\/eskigazeteci.com\/index.php?rest_route=\/wp\/v2\/types\/post"}],"author":[{"embeddable":true,"href":"https:\/\/eskigazeteci.com\/index.php?rest_route=\/wp\/v2\/users\/2"}],"replies":[{"embeddable":true,"href":"https:\/\/eskigazeteci.com\/index.php?rest_route=%2Fwp%2Fv2%2Fcomments&post=30418"}],"version-history":[{"count":0,"href":"https:\/\/eskigazeteci.com\/index.php?rest_route=\/wp\/v2\/posts\/30418\/revisions"}],"wp:featuredmedia":[{"embeddable":true,"href":"https:\/\/eskigazeteci.com\/index.php?rest_route=\/wp\/v2\/media\/30417"}],"wp:attachment":[{"href":"https:\/\/eskigazeteci.com\/index.php?rest_route=%2Fwp%2Fv2%2Fmedia&parent=30418"}],"wp:term":[{"taxonomy":"category","embeddable":true,"href":"https:\/\/eskigazeteci.com\/index.php?rest_route=%2Fwp%2Fv2%2Fcategories&post=30418"},{"taxonomy":"post_tag","embeddable":true,"href":"https:\/\/eskigazeteci.com\/index.php?rest_route=%2Fwp%2Fv2%2Ftags&post=30418"}],"curies":[{"name":"wp","href":"https:\/\/api.w.org\/{rel}","templated":true}]}}