{"id":30416,"date":"2026-04-29T08:43:42","date_gmt":"2026-04-29T08:43:42","guid":{"rendered":"https:\/\/eskigazeteci.com\/?p=30416"},"modified":"2026-04-29T08:43:42","modified_gmt":"2026-04-29T08:43:42","slug":"baris-gokturk-kimdir-nereli-kac-yasinda-fenerbahce-baskan-adayi-baris-gokturk-ne-is-yapiyor-hangi-sirketlerin-sahibi","status":"publish","type":"post","link":"https:\/\/eskigazeteci.com\/?p=30416","title":{"rendered":"Bar\u0131\u015f G\u00f6kt\u00fcrk kimdir, nereli, ka\u00e7 ya\u015f\u0131nda? Fenerbah\u00e7e Ba\u015fkan Aday\u0131 Bar\u0131\u015f G\u00f6kt\u00fcrk ne i\u015f yap\u0131yor, hangi \u015firketlerin sahibi?"},"content":{"rendered":"<p>T\u00fcrk i\u015f d\u00fcnyas\u0131n\u0131n tan\u0131nan isimlerinden Bar\u0131\u015f G\u00f6kt\u00fcrk, 2027 y\u0131l\u0131nda yap\u0131lacak ola\u011fan se\u00e7imli genel kurulda Fenerbah\u00e7e Spor Kul\u00fcb\u00fc ba\u015fkanl\u0131\u011f\u0131na adayl\u0131\u011f\u0131n\u0131 resmen a\u00e7\u0131klad\u0131. Bu a\u00e7\u0131klama, spor ve i\u015f \u00e7evrelerinde geni\u015f yank\u0131 uyand\u0131r\u0131rken, G\u00f6kt\u00fcrk&#x27;\u00fcn kim oldu\u011fu, kariyeri ve sahip oldu\u011fu \u015firketler merak konusu oldu. Peki, Bar\u0131\u015f G\u00f6kt\u00fcrk kimdir, aslen nereli, ne i\u015f yap\u0131yor? Fenerbah\u00e7e ba\u015fkan adayl\u0131\u011f\u0131n\u0131 duyuran Bar\u0131\u015f G\u00f6kt\u00fcrk hangi \u015firketlerin sahibi? \u0130\u015fte, o detaylar<\/p>\n<p>Ba\u015fkan se\u00e7ilmesi halinde ilk olarak profesyonellerden olu\u015fan bir futbol komitesi kurmay\u0131 planlad\u0131\u011f\u0131n\u0131 belirten G\u00f6kt\u00fcrk, kul\u00fcb\u00fcn ekonomik yap\u0131s\u0131n\u0131 g\u00fc\u00e7lendirecek projelere odaklanaca\u011f\u0131n\u0131 ifade etti. Bu kapsamda Fenerbah\u00e7e Yat\u0131r\u0131m Holding A.\u015e. ve Fenerbah\u00e7e GYO gibi yap\u0131larla gelirlerin art\u0131r\u0131lmas\u0131 ve gayrimenkul gelirlerinin s\u00fcrd\u00fcr\u00fclebilir hale getirilmesi hedeflenmektedir. G\u00f6kt\u00fcrk, kul\u00fcb\u00fcn gelirlerini en az iki kat\u0131na \u00e7\u0131karmay\u0131 ama\u00e7lad\u0131\u011f\u0131n\u0131 da s\u00f6zlerine ekledi. Bar\u0131\u015f G\u00f6kt\u00fcrk, 2027 y\u0131l\u0131 i\u00e7in &quot;ko\u015fulsuz \u015farts\u0131z ba\u015fkanl\u0131\u011fa aday\u0131m&quot; ifadesini kullan\u0131rken, ola\u011fan\u00fcst\u00fc bir durum olmad\u0131\u011f\u0131 s\u00fcrece 2026 y\u0131l\u0131nda aday olmayaca\u011f\u0131n\u0131, ancak mecbur kal\u0131nmas\u0131 halinde sorumluluk almaktan \u00e7ekinmeyece\u011fini de belirtmi\u015ftir<\/p>\n<p>Ba\u015fkan se\u00e7ilmesi halinde ilk&#8230;<\/p>\n","protected":false},"excerpt":{"rendered":"<p>Eski Fenerbah\u00e7e Futbol A.\u015e. Y\u00f6netim Kurulu \u00dcyesi ve Fenerbah\u00e7e Kalk\u0131nma Platformu Kurucusu olan Bar\u0131\u015f G\u00f6kt\u00fcrk, 11 Mart 2026 tarihinde yapt\u0131\u011f\u0131 a\u00e7\u0131klamayla&#8230;<\/p>\n","protected":false},"author":2,"featured_media":30415,"comment_status":"open","ping_status":"open","sticky":false,"template":"","format":"standard","meta":{"footnotes":""},"categories":[8,5,7],"tags":[],"class_list":["post-30416","post","type-post","status-publish","format-standard","has-post-thumbnail","hentry","category-arsiv","category-son-dakika","category-spor"],"_links":{"self":[{"href":"https:\/\/eskigazeteci.com\/index.php?rest_route=\/wp\/v2\/posts\/30416","targetHints":{"allow":["GET"]}}],"collection":[{"href":"https:\/\/eskigazeteci.com\/index.php?rest_route=\/wp\/v2\/posts"}],"about":[{"href":"https:\/\/eskigazeteci.com\/index.php?rest_route=\/wp\/v2\/types\/post"}],"author":[{"embeddable":true,"href":"https:\/\/eskigazeteci.com\/index.php?rest_route=\/wp\/v2\/users\/2"}],"replies":[{"embeddable":true,"href":"https:\/\/eskigazeteci.com\/index.php?rest_route=%2Fwp%2Fv2%2Fcomments&post=30416"}],"version-history":[{"count":0,"href":"https:\/\/eskigazeteci.com\/index.php?rest_route=\/wp\/v2\/posts\/30416\/revisions"}],"wp:featuredmedia":[{"embeddable":true,"href":"https:\/\/eskigazeteci.com\/index.php?rest_route=\/wp\/v2\/media\/30415"}],"wp:attachment":[{"href":"https:\/\/eskigazeteci.com\/index.php?rest_route=%2Fwp%2Fv2%2Fmedia&parent=30416"}],"wp:term":[{"taxonomy":"category","embeddable":true,"href":"https:\/\/eskigazeteci.com\/index.php?rest_route=%2Fwp%2Fv2%2Fcategories&post=30416"},{"taxonomy":"post_tag","embeddable":true,"href":"https:\/\/eskigazeteci.com\/index.php?rest_route=%2Fwp%2Fv2%2Ftags&post=30416"}],"curies":[{"name":"wp","href":"https:\/\/api.w.org\/{rel}","templated":true}]}}