{"id":30412,"date":"2026-04-29T08:25:14","date_gmt":"2026-04-29T08:25:14","guid":{"rendered":"https:\/\/eskigazeteci.com\/?p=30412"},"modified":"2026-04-29T08:25:14","modified_gmt":"2026-04-29T08:25:14","slug":"ezgi-mola-kilom-yuzunden-zorbaliga-ugradim","status":"publish","type":"post","link":"https:\/\/eskigazeteci.com\/?p=30412","title":{"rendered":"Ezgi Mola: Kilom y\u00fcz\u00fcnden zorbal\u0131\u011fa u\u011frad\u0131m"},"content":{"rendered":"<p>Ezgi Mola, Esra Ru\u015fan\u2019\u0131n YouTube kanal\u0131nda yay\u0131nlanan \u201cHerkes Kendine Baks\u0131n\u201d program\u0131na konuk oldu. Hayata hep pozitif bakt\u0131\u011f\u0131n\u0131 ifade eden \u00fcnl\u00fc oyuncu \u00e7ocukluk y\u0131llar\u0131nda kilosu y\u00fcz\u00fcnden akran zorbal\u0131\u011f\u0131na maruz kald\u0131\u011f\u0131n\u0131 anlatt\u0131: \u201cAkran zorbal\u0131\u011f\u0131n\u0131 bu d\u00f6nemde \u00e7ok daha sert g\u00f6r\u00fcyoruz. Ben de o d\u00f6nemde kalbimin kald\u0131ramayaca\u011f\u0131, her \u00e7ocuk gibi zorbal\u0131klara maruz kal\u0131yordum. \u0130lk akla gelen fiziki \u015fakalar. Sonra \u015f\u00f6yle bir \u015fey yapmaya ba\u015flad\u0131m. O bana \u2018D\u00fcnya kadar b\u00fcy\u00fcks\u00fcn\u2019 dedi\u011finde ben ona \u2018Uzay kadar b\u00fcy\u00fc\u011f\u00fcm\u2019 diyordum ki g\u00fcls\u00fcn bana. Belki o zaman beni sever. Kendi hayat\u0131n\u0131 ve maruz kald\u0131klar\u0131n\u0131 g\u00fczelle\u015ftirme \u00e7abas\u0131 bana iyi geliyor. \u00dcz\u00fcc\u00fc bir \u015feyi, iyi bir \u015feye \u00e7evirmi\u015fim. Bu ho\u015fuma gidiyor. Kendimi her halimle g\u00f6stermekten hi\u00e7 \u00e7ekinmedim. Ben buyum.\u201d<\/p>\n<p>SEZEN AKSU BEN\u0130M CANIM<\/p>\n<p>\u0130sraf\u0131 sevmedi\u011fini s\u00f6yleyen Ezgi Mola, k\u0131yafetlerin aile fertleri taraf\u0131ndan d\u00f6n\u00fc\u015f\u00fcml\u00fc olarak kullan\u0131ld\u0131\u011f\u0131n\u0131 anlatt\u0131: \u201cBizim b\u00fct\u00fcn k\u0131yafetler ailede d\u00f6ner. Yani \u00e7ocuklu\u011fumda kuzenimden gelecek olan \u00e7antalar\u0131 beklerdim. Bay\u0131l\u0131rd\u0131m. H\u00e2l\u00e2 oradan \u015feyler vard\u0131r. Hamilelik d\u00f6nemindeki daha b\u00fcy\u00fck bedenlerim annemde ve mutluluktan u\u00e7uyor \u015fu anda. Harika bir dolap yapt\u0131 kendine kad\u0131n.\u201d Sezen Aksu hayran\u0131 oldu\u011funu&#8230;<\/p>\n","protected":false},"excerpt":{"rendered":"<p>Ezgi Mola kat\u0131ld\u0131\u011f\u0131 bir programda \u00e7ocukluk y\u0131llar\u0131nda akran zorbal\u0131\u011f\u0131na maruz kald\u0131\u011f\u0131n\u0131 anlatt\u0131. \u00dcnl\u00fc oyuncu \u201cHer \u00e7ocuk gibi zorbal\u0131klara maruz kal\u0131yordum. O&#8230;<\/p>\n","protected":false},"author":2,"featured_media":30411,"comment_status":"open","ping_status":"open","sticky":false,"template":"","format":"standard","meta":{"footnotes":""},"categories":[8,6,5],"tags":[],"class_list":["post-30412","post","type-post","status-publish","format-standard","has-post-thumbnail","hentry","category-arsiv","category-gundem","category-son-dakika"],"_links":{"self":[{"href":"https:\/\/eskigazeteci.com\/index.php?rest_route=\/wp\/v2\/posts\/30412","targetHints":{"allow":["GET"]}}],"collection":[{"href":"https:\/\/eskigazeteci.com\/index.php?rest_route=\/wp\/v2\/posts"}],"about":[{"href":"https:\/\/eskigazeteci.com\/index.php?rest_route=\/wp\/v2\/types\/post"}],"author":[{"embeddable":true,"href":"https:\/\/eskigazeteci.com\/index.php?rest_route=\/wp\/v2\/users\/2"}],"replies":[{"embeddable":true,"href":"https:\/\/eskigazeteci.com\/index.php?rest_route=%2Fwp%2Fv2%2Fcomments&post=30412"}],"version-history":[{"count":0,"href":"https:\/\/eskigazeteci.com\/index.php?rest_route=\/wp\/v2\/posts\/30412\/revisions"}],"wp:featuredmedia":[{"embeddable":true,"href":"https:\/\/eskigazeteci.com\/index.php?rest_route=\/wp\/v2\/media\/30411"}],"wp:attachment":[{"href":"https:\/\/eskigazeteci.com\/index.php?rest_route=%2Fwp%2Fv2%2Fmedia&parent=30412"}],"wp:term":[{"taxonomy":"category","embeddable":true,"href":"https:\/\/eskigazeteci.com\/index.php?rest_route=%2Fwp%2Fv2%2Fcategories&post=30412"},{"taxonomy":"post_tag","embeddable":true,"href":"https:\/\/eskigazeteci.com\/index.php?rest_route=%2Fwp%2Fv2%2Ftags&post=30412"}],"curies":[{"name":"wp","href":"https:\/\/api.w.org\/{rel}","templated":true}]}}