{"id":30406,"date":"2026-04-29T08:03:37","date_gmt":"2026-04-29T08:03:37","guid":{"rendered":"https:\/\/eskigazeteci.com\/?p=30406"},"modified":"2026-04-29T08:03:37","modified_gmt":"2026-04-29T08:03:37","slug":"1-mayis-noterler-acik-mi-kapali-mi-2026-1-mayis-emek-ve-dayanisma-gunu-noter-calisma-detaylari","status":"publish","type":"post","link":"https:\/\/eskigazeteci.com\/?p=30406","title":{"rendered":"1 May\u0131s noterler a\u00e7\u0131k m\u0131 kapal\u0131 m\u0131 2026? 1 May\u0131s Emek ve Dayan\u0131\u015fma G\u00fcn\u00fc noter \u00e7al\u0131\u015fma detaylar\u0131"},"content":{"rendered":"<p>1 May\u0131s resmi tatil nedeniyle noter \u00e7al\u0131\u015fma saatleri merak ediliyor. 1 May\u0131s&#x27;ta acil bir tasdik veya sat\u0131\u015f i\u015flemi yapman\u0131z gerekiyorsa, bu i\u015flemlerin resmi tatil nedeniyle Pazartesi g\u00fcn\u00fcne sarkaca\u011f\u0131n\u0131 unutmay\u0131n. Planlaman\u0131z\u0131 buna g\u00f6re yaparak son dakika yo\u011funlu\u011fundan ka\u00e7\u0131nabilirsiniz.<\/p>\n<p>1 May\u0131s resmi tatil nedeniyle noter \u00e7al\u0131\u015fma saatleri merak ediliyor. 1 May\u0131s&#x27;ta acil bir tasdik veya sat\u0131\u015f i\u015flemi yapman\u0131z gerekiyorsa, bu i\u015flemlerin resmi tatil nedeniyle Pazartesi g\u00fcn\u00fcne sarkaca\u011f\u0131n\u0131 unutmay\u0131n. Planlaman\u0131z\u0131 buna g\u00f6re yaparak son dakika yo\u011funlu\u011fundan ka\u00e7\u0131nabilirsiniz.<\/p>\n<p>1 May\u0131s 2026 Cuma g\u00fcn\u00fc noterler kapal\u0131 olacakt\u0131r. 1 May\u0131s Emek ve Dayan\u0131\u015fma G\u00fcn\u00fc resmi tatil stat\u00fcs\u00fcnde oldu\u011fu i\u00e7in noterler, bankalar ve di\u011fer kamu kurumlar\u0131 ile birlikte tam g\u00fcn s\u00fcreyle hizmet vermeyecektir.<\/p>\n<p>1 May\u0131s 2026 Cuma g\u00fcn\u00fc noterler kapal\u0131 olacakt\u0131r. 1 May\u0131s Emek ve Dayan\u0131\u015fma G\u00fcn\u00fc resmi tatil stat\u00fcs\u00fcnde oldu\u011fu i\u00e7in noterler, bankalar ve di\u011fer kamu kurumlar\u0131 ile birlikte tam g\u00fcn s\u00fcreyle hizmet vermeyecektir.<\/p>\n<p>Resmi tatil olmas\u0131 sebebiyle noterlerde ara\u00e7 sat\u0131\u015f\u0131, vekaletname onay\u0131 veya asl\u0131 gibidir gibi i\u015flemler 1 May\u0131s tarihinde ger\u00e7ekle\u015ftirilemez. Bu i\u015flemler i\u00e7in tatil \u00f6ncesindeki son i\u015f g\u00fcn\u00fc olan 30 Nisan&#8230;<\/p>\n","protected":false},"excerpt":{"rendered":"<p>1 May\u0131s Emek ve Dayan\u0131\u015fma G\u00fcn\u00fc yakla\u015f\u0131rken, resmi i\u015flemlerini halletmek isteyen vatanda\u015flar 1 May\u0131s noterler a\u00e7\u0131k m\u0131? sorusuna yan\u0131t ar\u0131yor. 2026 takvimine&#8230;<\/p>\n","protected":false},"author":2,"featured_media":30405,"comment_status":"open","ping_status":"open","sticky":false,"template":"","format":"standard","meta":{"footnotes":""},"categories":[8,6,5],"tags":[],"class_list":["post-30406","post","type-post","status-publish","format-standard","has-post-thumbnail","hentry","category-arsiv","category-gundem","category-son-dakika"],"_links":{"self":[{"href":"https:\/\/eskigazeteci.com\/index.php?rest_route=\/wp\/v2\/posts\/30406","targetHints":{"allow":["GET"]}}],"collection":[{"href":"https:\/\/eskigazeteci.com\/index.php?rest_route=\/wp\/v2\/posts"}],"about":[{"href":"https:\/\/eskigazeteci.com\/index.php?rest_route=\/wp\/v2\/types\/post"}],"author":[{"embeddable":true,"href":"https:\/\/eskigazeteci.com\/index.php?rest_route=\/wp\/v2\/users\/2"}],"replies":[{"embeddable":true,"href":"https:\/\/eskigazeteci.com\/index.php?rest_route=%2Fwp%2Fv2%2Fcomments&post=30406"}],"version-history":[{"count":0,"href":"https:\/\/eskigazeteci.com\/index.php?rest_route=\/wp\/v2\/posts\/30406\/revisions"}],"wp:featuredmedia":[{"embeddable":true,"href":"https:\/\/eskigazeteci.com\/index.php?rest_route=\/wp\/v2\/media\/30405"}],"wp:attachment":[{"href":"https:\/\/eskigazeteci.com\/index.php?rest_route=%2Fwp%2Fv2%2Fmedia&parent=30406"}],"wp:term":[{"taxonomy":"category","embeddable":true,"href":"https:\/\/eskigazeteci.com\/index.php?rest_route=%2Fwp%2Fv2%2Fcategories&post=30406"},{"taxonomy":"post_tag","embeddable":true,"href":"https:\/\/eskigazeteci.com\/index.php?rest_route=%2Fwp%2Fv2%2Ftags&post=30406"}],"curies":[{"name":"wp","href":"https:\/\/api.w.org\/{rel}","templated":true}]}}