{"id":30398,"date":"2026-04-29T07:47:39","date_gmt":"2026-04-29T07:47:39","guid":{"rendered":"https:\/\/eskigazeteci.com\/?p=30398"},"modified":"2026-04-29T07:47:39","modified_gmt":"2026-04-29T07:47:39","slug":"ekonomik-guven-endeksi-nisanda-geriledi","status":"publish","type":"post","link":"https:\/\/eskigazeteci.com\/?p=30398","title":{"rendered":"Ekonomik g\u00fcven endeksi nisanda geriledi"},"content":{"rendered":"<p>T\u00fcrkiye \u0130statistik Kurumu ( T\u00dc\u0130K ), nisan ay\u0131na ili\u015fkin ekonomik g\u00fcven endeksi verilerini a\u00e7\u0131klad\u0131.<\/p>\n<p>Buna g\u00f6re, martta 100,7 olan endeks, nisanda y\u00fczde 1,5 gerileyerek 96,4 de\u011ferine indi.<\/p>\n<p>T\u00fcketici g\u00fcven endeksi, nisanda ayl\u0131k bazda y\u00fczde 0,5 artarak 85,5&#x27;e y\u00fckseldi.<\/p>\n<p>Ayn\u0131 d\u00f6nemde reel kesim g\u00fcven endeksi, y\u00fczde 1,4 azal\u0131\u015fla 98,6 olarak kay\u0131tlara ge\u00e7ti.<\/p>\n<p>Hizmet sekt\u00f6r\u00fc g\u00fcven endeksi, y\u00fczde 3,1 gerilemeyle 109,7 oldu.<\/p>\n<p>Perakende ticaret sekt\u00f6r\u00fc g\u00fcven endeksi, y\u00fczde 1,8 d\u00fc\u015f\u00fc\u015fle 111,6, in\u015faat sekt\u00f6r\u00fc g\u00fcven endeksi y\u00fczde 3,6 artarak 83,6 de\u011ferini ald\u0131.<\/p>\n<p>Piyasa verileri Foreks Bilgi \u0130leti\u015fim Hizmetleri A.\u015e. taraf\u0131ndan sa\u011flanmaktad\u0131r. \u00dcye giri\u015fi yap\u0131lan Canl\u0131 Borsa sayfalar\u0131 haricinde Hisse senedi verileri 15 dk gecikmelidir. Tahvil-Bono-Repo \u00f6zet verileri her durumda 15 dk gecikmelidir.<\/p>\n","protected":false},"excerpt":{"rendered":"<p>Ekonomik g\u00fcven endeksi, nisanda ayl\u0131k bazda y\u00fczde 1,5 azal\u0131\u015fla 96,4 de\u011ferini ald\u0131.<\/p>\n","protected":false},"author":2,"featured_media":30397,"comment_status":"open","ping_status":"open","sticky":false,"template":"","format":"standard","meta":{"footnotes":""},"categories":[8,6,5],"tags":[],"class_list":["post-30398","post","type-post","status-publish","format-standard","has-post-thumbnail","hentry","category-arsiv","category-gundem","category-son-dakika"],"_links":{"self":[{"href":"https:\/\/eskigazeteci.com\/index.php?rest_route=\/wp\/v2\/posts\/30398","targetHints":{"allow":["GET"]}}],"collection":[{"href":"https:\/\/eskigazeteci.com\/index.php?rest_route=\/wp\/v2\/posts"}],"about":[{"href":"https:\/\/eskigazeteci.com\/index.php?rest_route=\/wp\/v2\/types\/post"}],"author":[{"embeddable":true,"href":"https:\/\/eskigazeteci.com\/index.php?rest_route=\/wp\/v2\/users\/2"}],"replies":[{"embeddable":true,"href":"https:\/\/eskigazeteci.com\/index.php?rest_route=%2Fwp%2Fv2%2Fcomments&post=30398"}],"version-history":[{"count":0,"href":"https:\/\/eskigazeteci.com\/index.php?rest_route=\/wp\/v2\/posts\/30398\/revisions"}],"wp:featuredmedia":[{"embeddable":true,"href":"https:\/\/eskigazeteci.com\/index.php?rest_route=\/wp\/v2\/media\/30397"}],"wp:attachment":[{"href":"https:\/\/eskigazeteci.com\/index.php?rest_route=%2Fwp%2Fv2%2Fmedia&parent=30398"}],"wp:term":[{"taxonomy":"category","embeddable":true,"href":"https:\/\/eskigazeteci.com\/index.php?rest_route=%2Fwp%2Fv2%2Fcategories&post=30398"},{"taxonomy":"post_tag","embeddable":true,"href":"https:\/\/eskigazeteci.com\/index.php?rest_route=%2Fwp%2Fv2%2Ftags&post=30398"}],"curies":[{"name":"wp","href":"https:\/\/api.w.org\/{rel}","templated":true}]}}