{"id":30396,"date":"2026-04-29T07:46:06","date_gmt":"2026-04-29T07:46:06","guid":{"rendered":"https:\/\/eskigazeteci.com\/?p=30396"},"modified":"2026-04-29T07:46:06","modified_gmt":"2026-04-29T07:46:06","slug":"1-20-faizli-konut-kredisi-son-durum-2026","status":"publish","type":"post","link":"https:\/\/eskigazeteci.com\/?p=30396","title":{"rendered":"1.20 faizli konut kredisi son durum 2026"},"content":{"rendered":"<p>2026 y\u0131l\u0131n\u0131n ikinci \u00e7eyre\u011fine girilirken gayrimenkul sekt\u00f6r\u00fcn\u00fcn ve ilk kez ev alacaklar\u0131n g\u00f6z\u00fc kula\u011f\u0131 gelecek resmi a\u00e7\u0131klamalara kilitlenmi\u015f durumda. Kamu bankalar\u0131 arac\u0131l\u0131\u011f\u0131yla kulland\u0131r\u0131lmas\u0131 beklenen %1,20 faiz oranl\u0131 konut kredisinde son a\u015famaya gelinirken, haz\u0131rlanan yasal d\u00fczenlemenin T\u00fcrkiye B\u00fcy\u00fck Millet Meclisi (TBMM) g\u00fcndemine ta\u015f\u0131nmas\u0131 bekleniyor. 180 aya varan vade se\u00e7enekleri ve uygun geri \u00f6deme ko\u015fullar\u0131yla dikkat \u00e7eken kampanya, konut arz\u0131n\u0131 art\u0131rmaya y\u00f6nelik te\u015fviklerle desteklenerek piyasadaki fiyat dengesini de korumay\u0131 hedefliyor. Peki, \u0130lk evim konut kredisi ne zaman \u00e7\u0131kacak, \u015fartlar\u0131 neler olacak, kimlere verilecek?<\/p>\n<p>2026 y\u0131l\u0131n\u0131n ikinci \u00e7eyre\u011fine girilirken gayrimenkul sekt\u00f6r\u00fcn\u00fcn ve ilk kez ev alacaklar\u0131n g\u00f6z\u00fc kula\u011f\u0131 gelecek resmi a\u00e7\u0131klamalara kilitlenmi\u015f durumda. Kamu bankalar\u0131 arac\u0131l\u0131\u011f\u0131yla kulland\u0131r\u0131lmas\u0131 beklenen %1,20 faiz oranl\u0131 konut kredisinde son a\u015famaya gelinirken, haz\u0131rlanan yasal d\u00fczenlemenin T\u00fcrkiye B\u00fcy\u00fck Millet Meclisi (TBMM) g\u00fcndemine ta\u015f\u0131nmas\u0131 bekleniyor. 180 aya varan vade se\u00e7enekleri ve uygun geri \u00f6deme ko\u015fullar\u0131yla dikkat \u00e7eken kampanya, konut arz\u0131n\u0131 art\u0131rmaya y\u00f6nelik te\u015fviklerle desteklenerek piyasadaki fiyat dengesini de korumay\u0131 hedefliyor&#8230;.<\/p>\n","protected":false},"excerpt":{"rendered":"<p>T\u00fcrkiye genelinde milyonlarca vatanda\u015f\u0131n merakla bekledi\u011fi d\u00fc\u015f\u00fck faizli konut kredisi kampanyas\u0131nda kritik s\u00fcrece girildi. Orta Vadeli Program (OVP)&#8230;<\/p>\n","protected":false},"author":2,"featured_media":30395,"comment_status":"open","ping_status":"open","sticky":false,"template":"","format":"standard","meta":{"footnotes":""},"categories":[8,6,5],"tags":[],"class_list":["post-30396","post","type-post","status-publish","format-standard","has-post-thumbnail","hentry","category-arsiv","category-gundem","category-son-dakika"],"_links":{"self":[{"href":"https:\/\/eskigazeteci.com\/index.php?rest_route=\/wp\/v2\/posts\/30396","targetHints":{"allow":["GET"]}}],"collection":[{"href":"https:\/\/eskigazeteci.com\/index.php?rest_route=\/wp\/v2\/posts"}],"about":[{"href":"https:\/\/eskigazeteci.com\/index.php?rest_route=\/wp\/v2\/types\/post"}],"author":[{"embeddable":true,"href":"https:\/\/eskigazeteci.com\/index.php?rest_route=\/wp\/v2\/users\/2"}],"replies":[{"embeddable":true,"href":"https:\/\/eskigazeteci.com\/index.php?rest_route=%2Fwp%2Fv2%2Fcomments&post=30396"}],"version-history":[{"count":0,"href":"https:\/\/eskigazeteci.com\/index.php?rest_route=\/wp\/v2\/posts\/30396\/revisions"}],"wp:featuredmedia":[{"embeddable":true,"href":"https:\/\/eskigazeteci.com\/index.php?rest_route=\/wp\/v2\/media\/30395"}],"wp:attachment":[{"href":"https:\/\/eskigazeteci.com\/index.php?rest_route=%2Fwp%2Fv2%2Fmedia&parent=30396"}],"wp:term":[{"taxonomy":"category","embeddable":true,"href":"https:\/\/eskigazeteci.com\/index.php?rest_route=%2Fwp%2Fv2%2Fcategories&post=30396"},{"taxonomy":"post_tag","embeddable":true,"href":"https:\/\/eskigazeteci.com\/index.php?rest_route=%2Fwp%2Fv2%2Ftags&post=30396"}],"curies":[{"name":"wp","href":"https:\/\/api.w.org\/{rel}","templated":true}]}}