{"id":30382,"date":"2026-04-29T07:16:45","date_gmt":"2026-04-29T07:16:45","guid":{"rendered":"https:\/\/eskigazeteci.com\/?p=30382"},"modified":"2026-04-29T07:16:45","modified_gmt":"2026-04-29T07:16:45","slug":"uc-gundur-araniyordu-8-yasindaki-osmanin-derede-cansiz-bedeni-bulundu","status":"publish","type":"post","link":"https:\/\/eskigazeteci.com\/?p=30382","title":{"rendered":"\u00dc\u00e7 g\u00fcnd\u00fcr aran\u0131yordu&#8230; 8 ya\u015f\u0131ndaki Osman&#8217;\u0131n derede cans\u0131z bedeni bulundu"},"content":{"rendered":"<p>Hakkari &#x27;nin \u015eemdinli il\u00e7esine ba\u011fl\u0131 Yufkal\u0131 k\u00f6y\u00fcnde pazar g\u00fcn\u00fc kaybolan Osman Ta\u015f&#x27;\u0131n (8) derede cans\u0131z bedeni bulundu.<\/p>\n<p>ARAMA \u00c7ALI\u015eMASI BA\u015eLATILDI<\/p>\n<p>\u0130l\u00e7eye ba\u011fl\u0131 Yufkal\u0131 k\u00f6y\u00fcnde pazar g\u00fcn\u00fc sabah saatlerinde en son dere kenar\u0131nda g\u00f6r\u00fclen Osman Ta\u015f\u2019tan, haber alamayan yak\u0131nlar\u0131, arama \u00e7al\u0131\u015fmas\u0131 ba\u015flatt\u0131.<\/p>\n<p>VAN&#x27;DAN \u00d6ZEL EK\u0130P GELD\u0130<\/p>\n<p>Arama \u00e7al\u0131\u015fmalar\u0131ndan sonu\u00e7 al\u0131namay\u0131nca jandarmaya haber verildi. \u0130hbar \u00fczerine b\u00f6lgeye AFAD, itfaiye, jandarma ve sa\u011fl\u0131k ekipleri sevk edildi. Suya d\u00fc\u015ft\u00fc\u011f\u00fc tahmin edilen Osman Ta\u015f i\u00e7in ekipler, dere boyunca arama yapt\u0131. Su alt\u0131nda da arama \u00e7al\u0131\u015fmalar\u0131 y\u00fcr\u00fct\u00fcld\u00fc. K\u00f6yl\u00fclerin de destek verdi\u011fi arama \u00e7al\u0131\u015fmalar\u0131 i\u00e7in Van \u0130l Jandarma Komutanl\u0131\u011f\u0131\u2019na ba\u011fl\u0131 6 ki\u015filik su alt\u0131 ekibi, Jandarma Arama Kurtarma (JAK), Van&#x27;dan dalg\u0131\u00e7 polisler ile Van AFAD su alt\u0131 ekipleri de sevk edildi.<\/p>\n<p>KAYBOLDU\u011eU YERDEN 300 METRE UZAKTA BULUNDU<\/p>\n<p>Arama \u00e7al\u0131\u015fmalar\u0131 s\u00fcrerken Osman Ta\u015f &#x27;\u0131n bug\u00fcn kayboldu\u011fu belirtilen noktadan yakla\u015f\u0131k 300 metre uzakl\u0131kta derede cans\u0131z bedeni bulundu. 3&#x27;\u00fcnc\u00fc s\u0131n\u0131f \u00f6\u011frencisi Osman&#x27;\u0131n cenazesi otopsi yap\u0131lmak \u00fczere \u015eemdinli Devlet Hastanesi&#x27;ne kald\u0131r\u0131ld\u0131.<\/p>\n<p>T\u00fcrkiye g\u00fcndeminden son dakika haberleri, bug\u00fcn ya\u015fanan en son geli\u015fmeler, siyaset g\u00fcndeminden g\u00fcncel&#8230;<\/p>\n","protected":false},"excerpt":{"rendered":"<p>Hakkari&#8217;nin \u015eemdinli il\u00e7esi Yufkal\u0131 k\u00f6y\u00fcnde ge\u00e7ti\u011fimiz pazar g\u00fcn\u00fc kaybolan 8 ya\u015f\u0131ndaki Osman Ta\u015f isimli k\u00fc\u00e7\u00fck \u00e7ocu\u011fun dere i\u00e7inde cans\u0131z bedenine ula\u015f\u0131ld\u0131.<\/p>\n","protected":false},"author":2,"featured_media":30381,"comment_status":"open","ping_status":"open","sticky":false,"template":"","format":"standard","meta":{"footnotes":""},"categories":[8,6,5],"tags":[],"class_list":["post-30382","post","type-post","status-publish","format-standard","has-post-thumbnail","hentry","category-arsiv","category-gundem","category-son-dakika"],"_links":{"self":[{"href":"https:\/\/eskigazeteci.com\/index.php?rest_route=\/wp\/v2\/posts\/30382","targetHints":{"allow":["GET"]}}],"collection":[{"href":"https:\/\/eskigazeteci.com\/index.php?rest_route=\/wp\/v2\/posts"}],"about":[{"href":"https:\/\/eskigazeteci.com\/index.php?rest_route=\/wp\/v2\/types\/post"}],"author":[{"embeddable":true,"href":"https:\/\/eskigazeteci.com\/index.php?rest_route=\/wp\/v2\/users\/2"}],"replies":[{"embeddable":true,"href":"https:\/\/eskigazeteci.com\/index.php?rest_route=%2Fwp%2Fv2%2Fcomments&post=30382"}],"version-history":[{"count":0,"href":"https:\/\/eskigazeteci.com\/index.php?rest_route=\/wp\/v2\/posts\/30382\/revisions"}],"wp:featuredmedia":[{"embeddable":true,"href":"https:\/\/eskigazeteci.com\/index.php?rest_route=\/wp\/v2\/media\/30381"}],"wp:attachment":[{"href":"https:\/\/eskigazeteci.com\/index.php?rest_route=%2Fwp%2Fv2%2Fmedia&parent=30382"}],"wp:term":[{"taxonomy":"category","embeddable":true,"href":"https:\/\/eskigazeteci.com\/index.php?rest_route=%2Fwp%2Fv2%2Fcategories&post=30382"},{"taxonomy":"post_tag","embeddable":true,"href":"https:\/\/eskigazeteci.com\/index.php?rest_route=%2Fwp%2Fv2%2Ftags&post=30382"}],"curies":[{"name":"wp","href":"https:\/\/api.w.org\/{rel}","templated":true}]}}