{"id":30380,"date":"2026-04-29T07:15:11","date_gmt":"2026-04-29T07:15:11","guid":{"rendered":"https:\/\/eskigazeteci.com\/?p=30380"},"modified":"2026-04-29T07:15:11","modified_gmt":"2026-04-29T07:15:11","slug":"kavsak-donusunde-kaza-arac-savruldu-4-yarali","status":"publish","type":"post","link":"https:\/\/eskigazeteci.com\/?p=30380","title":{"rendered":"Kav\u015fak d\u00f6n\u00fc\u015f\u00fcnde kaza&#8230; Ara\u00e7 savruldu, 4 yaral\u0131"},"content":{"rendered":"<p>Kaza, Erzurum- Pasinler kara yolu dinlenme tesisi kav\u015fa\u011f\u0131nda meydana geldi. S\u00fcr\u00fcc\u00fcleri \u00f6\u011frenilemeyen 25 AAN 463 plakal\u0131 hafif ticari ara\u00e7, 25 LY 481 plakal\u0131 otomobile \u00e7arpt\u0131. Kazada hafif ticari ara\u00e7 savrularak yan yatt\u0131. Ara\u00e7larda bulunan 4 ki\u015fi yaraland\u0131.<\/p>\n<p>YARALILAR HASTANEYE KALDIRILDI<\/p>\n<p>Yaral\u0131lar, b\u00f6lgeye sevk edilen sa\u011fl\u0131k ekiplerinin ilk m\u00fcdahalesinin ard\u0131ndan Erzurum &#x27;daki hastanelere kald\u0131r\u0131ld\u0131.<\/p>\n<p>Kazaya ili\u015fkin soru\u015fturma ba\u015flat\u0131ld\u0131.<\/p>\n<p>T\u00fcrkiye g\u00fcndeminden son dakika haberleri, bug\u00fcn ya\u015fanan en son geli\u015fmeler, siyaset g\u00fcndeminden g\u00fcncel haberler ve b\u00fct\u00fcn son dakika haberleri i\u00e7in H\u00fcrriyet&#x27;in internet haber sitesi hurriyet.com.tr; Hurriyet.com.tr haber i\u00e7erikleri kaynak g\u00f6sterilmeden al\u0131nt\u0131 yap\u0131lamaz, Kanuna ayk\u0131r\u0131 ve izinsiz olarak kopyalanamaz, ba\u015fka yerde yay\u0131nlanamaz.<\/p>\n","protected":false},"excerpt":{"rendered":"<p>Erzurum\u2019da hafif ticari arac\u0131n kav\u015fakta otomobile \u00e7arpt\u0131. Ticari arac\u0131n savrularak yan yatt\u0131\u011f\u0131 kazada kazada 4 ki\u015fi yaraland\u0131.<\/p>\n","protected":false},"author":2,"featured_media":30379,"comment_status":"open","ping_status":"open","sticky":false,"template":"","format":"standard","meta":{"footnotes":""},"categories":[8,6,5],"tags":[],"class_list":["post-30380","post","type-post","status-publish","format-standard","has-post-thumbnail","hentry","category-arsiv","category-gundem","category-son-dakika"],"_links":{"self":[{"href":"https:\/\/eskigazeteci.com\/index.php?rest_route=\/wp\/v2\/posts\/30380","targetHints":{"allow":["GET"]}}],"collection":[{"href":"https:\/\/eskigazeteci.com\/index.php?rest_route=\/wp\/v2\/posts"}],"about":[{"href":"https:\/\/eskigazeteci.com\/index.php?rest_route=\/wp\/v2\/types\/post"}],"author":[{"embeddable":true,"href":"https:\/\/eskigazeteci.com\/index.php?rest_route=\/wp\/v2\/users\/2"}],"replies":[{"embeddable":true,"href":"https:\/\/eskigazeteci.com\/index.php?rest_route=%2Fwp%2Fv2%2Fcomments&post=30380"}],"version-history":[{"count":0,"href":"https:\/\/eskigazeteci.com\/index.php?rest_route=\/wp\/v2\/posts\/30380\/revisions"}],"wp:featuredmedia":[{"embeddable":true,"href":"https:\/\/eskigazeteci.com\/index.php?rest_route=\/wp\/v2\/media\/30379"}],"wp:attachment":[{"href":"https:\/\/eskigazeteci.com\/index.php?rest_route=%2Fwp%2Fv2%2Fmedia&parent=30380"}],"wp:term":[{"taxonomy":"category","embeddable":true,"href":"https:\/\/eskigazeteci.com\/index.php?rest_route=%2Fwp%2Fv2%2Fcategories&post=30380"},{"taxonomy":"post_tag","embeddable":true,"href":"https:\/\/eskigazeteci.com\/index.php?rest_route=%2Fwp%2Fv2%2Ftags&post=30380"}],"curies":[{"name":"wp","href":"https:\/\/api.w.org\/{rel}","templated":true}]}}