{"id":30378,"date":"2026-04-29T07:13:39","date_gmt":"2026-04-29T07:13:39","guid":{"rendered":"https:\/\/eskigazeteci.com\/?p=30378"},"modified":"2026-04-29T07:13:39","modified_gmt":"2026-04-29T07:13:39","slug":"esref-tekten-genclere-ogut-silahlari-birakip-kalem-tutacaksiniz","status":"publish","type":"post","link":"https:\/\/eskigazeteci.com\/?p=30378","title":{"rendered":"E\u015fref Tek&#8217;ten gen\u00e7lere \u00f6\u011f\u00fct: Silahlar\u0131 b\u0131rak\u0131p kalem tutacaks\u0131n\u0131z"},"content":{"rendered":"<p>\u0130ZLEYENLER\u0130N KALB\u0130NE DOKUNDU<\/p>\n<p>\u00c7ar\u015famba ak\u015famlar\u0131n\u0131n sevilen dizisi E\u015fref R\u00fcya \u2019n\u0131n yeni b\u00f6l\u00fcm tan\u0131t\u0131m\u0131, gen\u00e7lere adeta hayat dersi niteli\u011findeydi. E\u015fref Tek \u2019in, \u201cBen ve ekibim senin emrine girmeye karar verdik\u201d diyen gen\u00e7lerle yapt\u0131\u011f\u0131 sohbet izleyenlerin kalbine dokundu.<\/p>\n<p>\u201cASIL KAHRAMAN A\u0130LELER\u0130N\u0130Z\u201d<\/p>\n<p>E\u015fref\u2019in, \u201cAs\u0131l kahraman kim biliyor musunuz? Racon kesenler de\u011fil; her ak\u015fam eve elleri nas\u0131rl\u0131 d\u00f6nen anne babalard\u0131r. \u00c7ocuklar\u0131na iyi bir hayat ya\u015fatmak isteyen ailelerdir. Benim bildi\u011fim tek kahramanl\u0131k budur\u201d s\u00f6zlerine \u00e7ok say\u0131da yorum yap\u0131ld\u0131.<\/p>\n<p>\u201cAdaml\u0131k dedi\u011finiz \u015fey masaya yumruk vurmak de\u011fil; aln\u0131n\u0131n teriyle kazand\u0131\u011f\u0131n parayla o masaya ekmek koyabilmektir\u201d diyerek gen\u00e7lere nasihat eden E\u015fref\u2019in, onlara silahlar\u0131n\u0131 b\u0131rakt\u0131rmas\u0131 da takdir toplad\u0131.<\/p>\n<p>T\u00fcrkiye&#x27;den ve D\u00fcnya\u2019dan son dakika haberleri, k\u00f6\u015fe yaz\u0131lar\u0131, magazinden siyasete, spordan seyahate b\u00fct\u00fcn konular\u0131n tek adresi Hurriyet.com.tr haber i\u00e7erikleri izin al\u0131nmadan, kaynak g\u00f6sterilerek dahi iktibas edilemez. Kanuna ayk\u0131r\u0131 ve izinsiz olarak kopyalanamaz, ba\u015fka yerde yay\u0131nlanamaz.<\/p>\n","protected":false},"excerpt":{"rendered":"<p>Kanal D\u2019nin fenomen dizisi E\u015fref R\u00fcya\u2019da, E\u015fref Tek bu kez raconu gen\u00e7ler i\u00e7in kesti. Bu ak\u015fam yay\u0131nlanacak b\u00f6l\u00fcmden payla\u015f\u0131lan \u00f6n izlemede, \u00c7a\u011fatay&#8230;<\/p>\n","protected":false},"author":2,"featured_media":30377,"comment_status":"open","ping_status":"open","sticky":false,"template":"","format":"standard","meta":{"footnotes":""},"categories":[8,6,5],"tags":[],"class_list":["post-30378","post","type-post","status-publish","format-standard","has-post-thumbnail","hentry","category-arsiv","category-gundem","category-son-dakika"],"_links":{"self":[{"href":"https:\/\/eskigazeteci.com\/index.php?rest_route=\/wp\/v2\/posts\/30378","targetHints":{"allow":["GET"]}}],"collection":[{"href":"https:\/\/eskigazeteci.com\/index.php?rest_route=\/wp\/v2\/posts"}],"about":[{"href":"https:\/\/eskigazeteci.com\/index.php?rest_route=\/wp\/v2\/types\/post"}],"author":[{"embeddable":true,"href":"https:\/\/eskigazeteci.com\/index.php?rest_route=\/wp\/v2\/users\/2"}],"replies":[{"embeddable":true,"href":"https:\/\/eskigazeteci.com\/index.php?rest_route=%2Fwp%2Fv2%2Fcomments&post=30378"}],"version-history":[{"count":0,"href":"https:\/\/eskigazeteci.com\/index.php?rest_route=\/wp\/v2\/posts\/30378\/revisions"}],"wp:featuredmedia":[{"embeddable":true,"href":"https:\/\/eskigazeteci.com\/index.php?rest_route=\/wp\/v2\/media\/30377"}],"wp:attachment":[{"href":"https:\/\/eskigazeteci.com\/index.php?rest_route=%2Fwp%2Fv2%2Fmedia&parent=30378"}],"wp:term":[{"taxonomy":"category","embeddable":true,"href":"https:\/\/eskigazeteci.com\/index.php?rest_route=%2Fwp%2Fv2%2Fcategories&post=30378"},{"taxonomy":"post_tag","embeddable":true,"href":"https:\/\/eskigazeteci.com\/index.php?rest_route=%2Fwp%2Fv2%2Ftags&post=30378"}],"curies":[{"name":"wp","href":"https:\/\/api.w.org\/{rel}","templated":true}]}}