{"id":30376,"date":"2026-04-29T07:11:07","date_gmt":"2026-04-29T07:11:07","guid":{"rendered":"https:\/\/eskigazeteci.com\/?p=30376"},"modified":"2026-04-29T07:11:07","modified_gmt":"2026-04-29T07:11:07","slug":"halk-otobusu-otomobilin-uzerine-devrildi-yaralilar-var","status":"publish","type":"post","link":"https:\/\/eskigazeteci.com\/?p=30376","title":{"rendered":"Halk otob\u00fcs\u00fc otomobilin \u00fczerine devrildi: Yaral\u0131lar var"},"content":{"rendered":"<p>Bart\u0131n\u2019da Yaz\u0131c\u0131lar kamp\u00fcs\u00fc mevkiinde \u00f6zel halk otob\u00fcs\u00fc, otomobilin \u00fczerine devrildi. Kazada yaral\u0131lar\u0131n oldu\u011fu belirtilirken, b\u00f6lgeye ekipler sevk edildi.<\/p>\n","protected":false},"excerpt":{"rendered":"<p>Bart\u0131n\u2019da Yaz\u0131c\u0131lar kamp\u00fcs\u00fc mevkiinde \u00f6zel halk otob\u00fcs\u00fc, otomobilin \u00fczerine devrildi. Kazada yaral\u0131lar\u0131n oldu\u011fu belirtilirken, b\u00f6lgeye ekipler sevk edildi.<\/p>\n","protected":false},"author":2,"featured_media":30375,"comment_status":"open","ping_status":"open","sticky":false,"template":"","format":"standard","meta":{"footnotes":""},"categories":[8,6,5],"tags":[],"class_list":["post-30376","post","type-post","status-publish","format-standard","has-post-thumbnail","hentry","category-arsiv","category-gundem","category-son-dakika"],"_links":{"self":[{"href":"https:\/\/eskigazeteci.com\/index.php?rest_route=\/wp\/v2\/posts\/30376","targetHints":{"allow":["GET"]}}],"collection":[{"href":"https:\/\/eskigazeteci.com\/index.php?rest_route=\/wp\/v2\/posts"}],"about":[{"href":"https:\/\/eskigazeteci.com\/index.php?rest_route=\/wp\/v2\/types\/post"}],"author":[{"embeddable":true,"href":"https:\/\/eskigazeteci.com\/index.php?rest_route=\/wp\/v2\/users\/2"}],"replies":[{"embeddable":true,"href":"https:\/\/eskigazeteci.com\/index.php?rest_route=%2Fwp%2Fv2%2Fcomments&post=30376"}],"version-history":[{"count":0,"href":"https:\/\/eskigazeteci.com\/index.php?rest_route=\/wp\/v2\/posts\/30376\/revisions"}],"wp:featuredmedia":[{"embeddable":true,"href":"https:\/\/eskigazeteci.com\/index.php?rest_route=\/wp\/v2\/media\/30375"}],"wp:attachment":[{"href":"https:\/\/eskigazeteci.com\/index.php?rest_route=%2Fwp%2Fv2%2Fmedia&parent=30376"}],"wp:term":[{"taxonomy":"category","embeddable":true,"href":"https:\/\/eskigazeteci.com\/index.php?rest_route=%2Fwp%2Fv2%2Fcategories&post=30376"},{"taxonomy":"post_tag","embeddable":true,"href":"https:\/\/eskigazeteci.com\/index.php?rest_route=%2Fwp%2Fv2%2Ftags&post=30376"}],"curies":[{"name":"wp","href":"https:\/\/api.w.org\/{rel}","templated":true}]}}