{"id":30374,"date":"2026-04-29T07:09:32","date_gmt":"2026-04-29T07:09:32","guid":{"rendered":"https:\/\/eskigazeteci.com\/?p=30374"},"modified":"2026-04-29T07:09:32","modified_gmt":"2026-04-29T07:09:32","slug":"istanbulda-zorba-dehseti-goruntuleyenlere-tehditler-savurdu-kadini-dovup-surukleyerek-goturdu","status":"publish","type":"post","link":"https:\/\/eskigazeteci.com\/?p=30374","title":{"rendered":"\u0130stanbul&#8217;da zorba deh\u015feti: G\u00f6r\u00fcnt\u00fcleyenlere tehditler savurdu! Kad\u0131n\u0131 d\u00f6v\u00fcp s\u00fcr\u00fckleyerek g\u00f6t\u00fcrd\u00fc"},"content":{"rendered":"<p>Olay saat 12.40 s\u0131ralar\u0131nda Maltepe K\u00fc\u00e7\u00fckyal\u0131 Mahallesinde meydana geldi. \u0130ddiaya g\u00f6re caddede bir ki\u015fi yan\u0131ndaki kad\u0131n\u0131 kolundan tutup zorla g\u00f6t\u00fcrmeye \u00e7al\u0131\u015ft\u0131. Bu s\u0131rada kendini savunmaya \u00e7al\u0131\u015fan kad\u0131n\u0131n \u00f6nce sa\u00e7\u0131n\u0131 \u00e7eken sald\u0131rgan yumruk att\u0131\u011f\u0131 kad\u0131n\u0131 darbetti.<\/p>\n<p>Kad\u0131n ald\u0131\u011f\u0131 yumruk darbeleriyle a\u011flarken bir s\u00fcre sonra da kendine sald\u0131ran ki\u015fiye vurmaya ba\u015flad\u0131. Bu s\u0131rada yoldan ge\u00e7en bir motokurye duruma m\u00fcdahale etmeye \u00e7al\u0131\u015ft\u0131; ancak bir s\u00fcre sonra caddeden ayr\u0131ld\u0131.<\/p>\n<p>M\u00dcDAHALE ETMEK \u0130STEYENLERE DE SALDIRDI<\/p>\n<p>Darbetti\u011fi kad\u0131nla kald\u0131r\u0131mda y\u00fcr\u00fcyen sald\u0131rgan bu kez, foto\u011fraf ve video \u00e7ekenlere ba\u011f\u0131rmaya ba\u015flad\u0131. Y\u00fcr\u00fcd\u00fc\u011f\u00fc s\u0131rada geri d\u00f6nen sald\u0131rgan kendini uyaran bir ki\u015fiye sald\u0131rd\u0131. Bu s\u0131rada araya girenlerle de tart\u0131\u015fan sald\u0131rgan, kendisine engel olmaya \u00e7al\u0131\u015fan ba\u015fka bir ki\u015fiyle de kavga etmeye ba\u015flad\u0131. Ya\u015fananlar ve elinden tuttu\u011fu kad\u0131n\u0131 olay yerinden g\u00f6t\u00fcren sald\u0131rgan\u0131n g\u00f6r\u00fcnt\u00fcleri cep telefonu kameras\u0131yla kaydedildi.<\/p>\n<p>T\u00fcrkiye g\u00fcndeminden son dakika haberleri, bug\u00fcn ya\u015fanan en son geli\u015fmeler, siyaset g\u00fcndeminden g\u00fcncel haberler ve b\u00fct\u00fcn son dakika haberleri i\u00e7in H\u00fcrriyet&#x27;in internet haber sitesi hurriyet.com.tr; Hurriyet.com.tr haber i\u00e7erikleri kaynak g\u00f6sterilmeden al\u0131nt\u0131&#8230;<\/p>\n","protected":false},"excerpt":{"rendered":"<p>Maltepe\u2019de bir ki\u015fi yolda y\u00fcr\u00fcrken tart\u0131\u015ft\u0131\u011f\u0131 kad\u0131n\u0131 yumruklayarak darbetti. Kad\u0131na yard\u0131m etmek isteyenlere de sald\u0131ran ki\u015fi \u00e7evredekilerle tart\u0131\u015ft\u0131. O&#8230;<\/p>\n","protected":false},"author":2,"featured_media":30373,"comment_status":"open","ping_status":"open","sticky":false,"template":"","format":"standard","meta":{"footnotes":""},"categories":[8,6,5],"tags":[],"class_list":["post-30374","post","type-post","status-publish","format-standard","has-post-thumbnail","hentry","category-arsiv","category-gundem","category-son-dakika"],"_links":{"self":[{"href":"https:\/\/eskigazeteci.com\/index.php?rest_route=\/wp\/v2\/posts\/30374","targetHints":{"allow":["GET"]}}],"collection":[{"href":"https:\/\/eskigazeteci.com\/index.php?rest_route=\/wp\/v2\/posts"}],"about":[{"href":"https:\/\/eskigazeteci.com\/index.php?rest_route=\/wp\/v2\/types\/post"}],"author":[{"embeddable":true,"href":"https:\/\/eskigazeteci.com\/index.php?rest_route=\/wp\/v2\/users\/2"}],"replies":[{"embeddable":true,"href":"https:\/\/eskigazeteci.com\/index.php?rest_route=%2Fwp%2Fv2%2Fcomments&post=30374"}],"version-history":[{"count":0,"href":"https:\/\/eskigazeteci.com\/index.php?rest_route=\/wp\/v2\/posts\/30374\/revisions"}],"wp:featuredmedia":[{"embeddable":true,"href":"https:\/\/eskigazeteci.com\/index.php?rest_route=\/wp\/v2\/media\/30373"}],"wp:attachment":[{"href":"https:\/\/eskigazeteci.com\/index.php?rest_route=%2Fwp%2Fv2%2Fmedia&parent=30374"}],"wp:term":[{"taxonomy":"category","embeddable":true,"href":"https:\/\/eskigazeteci.com\/index.php?rest_route=%2Fwp%2Fv2%2Fcategories&post=30374"},{"taxonomy":"post_tag","embeddable":true,"href":"https:\/\/eskigazeteci.com\/index.php?rest_route=%2Fwp%2Fv2%2Ftags&post=30374"}],"curies":[{"name":"wp","href":"https:\/\/api.w.org\/{rel}","templated":true}]}}