{"id":30370,"date":"2026-04-29T07:06:26","date_gmt":"2026-04-29T07:06:26","guid":{"rendered":"https:\/\/eskigazeteci.com\/?p=30370"},"modified":"2026-04-29T07:06:26","modified_gmt":"2026-04-29T07:06:26","slug":"kral-charlestan-trumpa-somurge-sakasi-biz-olmasaydik","status":"publish","type":"post","link":"https:\/\/eskigazeteci.com\/?p=30370","title":{"rendered":"Kral Charles&#8217;tan Trump&#8217;a s\u00f6m\u00fcrge \u015fakas\u0131: Biz olmasayd\u0131k&#8230;"},"content":{"rendered":"<p>\u0130ngiltere Kral\u0131 III. Charles, devlet yeme\u011finde yapt\u0131\u011f\u0131 konu\u015fmada ABD Ba\u015fkan\u0131 Donald Trump\u2019a esprili g\u00f6ndermelerde bulundu. Kral Charles, Trump\u2019\u0131n ge\u00e7mi\u015fte yapt\u0131\u011f\u0131 a\u00e7\u0131klamaya at\u0131fta bulunarak, \u201cBiz olmasayd\u0131k, siz Frans\u0131zca konu\u015fuyor olurdunuz\u201d s\u00f6zleriyle salonda kahkahalara neden oldu.<\/p>\n<p>TRUMP\u2019IN S\u00d6ZLER\u0130NE ESPR\u0130L\u0130 YANIT<\/p>\n<p>The Telegraph\u2019\u0131n haberine g\u00f6re Kral Charles, Beyaz Saray\u2019daki devlet yeme\u011finde Trump\u2019\u0131n ocak ay\u0131nda dile getirdi\u011fi, \u201cABD olmasayd\u0131 Avrupal\u0131 liderler Almanca ve biraz da Japonca konu\u015fuyor olurdu\u201d s\u00f6zlerini hat\u0131rlatt\u0131.<\/p>\n<p>Kral konu\u015fmas\u0131nda, \u201cSay\u0131n Ba\u015fkan, k\u0131sa bir s\u00fcre \u00f6nce, ABD olmasayd\u0131 Avrupa \u00fclkeleri Almanca konu\u015fuyor olacakt\u0131, demi\u015ftiniz\u201d dedi.<\/p>\n<p>Ard\u0131ndan salonda g\u00fcl\u00fc\u015fmelere neden olan \u015fu ifadeyi kulland\u0131:<\/p>\n<p>\u201cBiz olmasayd\u0131k, siz Frans\u0131zca konu\u015fuyor olurdunuz, diyebilir miyim?\u201d<\/p>\n<p>BEYAZ SARAY YANGINI G\u00d6NDERMES\u0130<\/p>\n<p>Kral Charles, konu\u015fmas\u0131nda ABD ile \u0130ngiltere aras\u0131ndaki \u201c\u00f6zel ili\u015fki\u201d vurgusunu mizahi ifadelerle s\u00fcrd\u00fcrd\u00fc.<\/p>\n<p>Trump\u2019\u0131n Beyaz Saray\u2019\u0131n Do\u011fu Kanad\u0131 yerine balo salonu yapt\u0131rma giri\u015fimine de\u011finen Charles, 1814 y\u0131l\u0131nda \u0130ngilizlerin Beyaz Saray\u2019\u0131 yakmas\u0131n\u0131 hat\u0131rlatt\u0131.<\/p>\n<p>Kral, \u201cBu vesileyle, Say\u0131n Ba\u015fkan, ge\u00e7en y\u0131l Windsor Kalesi\u2019ne yapt\u0131\u011f\u0131n\u0131z ziyaretin ard\u0131ndan Do\u011fu&#8230;<\/p>\n","protected":false},"excerpt":{"rendered":"<p>\u0130ngiltere Kral\u0131 III. Charles, Beyaz Saray\u2019daki devlet yeme\u011finde Donald Trump\u2019a esprili g\u00f6ndermelerde bulunarak, \u201cBiz olmasayd\u0131k, siz Frans\u0131zca konu\u015fuyor&#8230;<\/p>\n","protected":false},"author":2,"featured_media":30369,"comment_status":"open","ping_status":"open","sticky":false,"template":"","format":"standard","meta":{"footnotes":""},"categories":[8,6,5],"tags":[],"class_list":["post-30370","post","type-post","status-publish","format-standard","has-post-thumbnail","hentry","category-arsiv","category-gundem","category-son-dakika"],"_links":{"self":[{"href":"https:\/\/eskigazeteci.com\/index.php?rest_route=\/wp\/v2\/posts\/30370","targetHints":{"allow":["GET"]}}],"collection":[{"href":"https:\/\/eskigazeteci.com\/index.php?rest_route=\/wp\/v2\/posts"}],"about":[{"href":"https:\/\/eskigazeteci.com\/index.php?rest_route=\/wp\/v2\/types\/post"}],"author":[{"embeddable":true,"href":"https:\/\/eskigazeteci.com\/index.php?rest_route=\/wp\/v2\/users\/2"}],"replies":[{"embeddable":true,"href":"https:\/\/eskigazeteci.com\/index.php?rest_route=%2Fwp%2Fv2%2Fcomments&post=30370"}],"version-history":[{"count":0,"href":"https:\/\/eskigazeteci.com\/index.php?rest_route=\/wp\/v2\/posts\/30370\/revisions"}],"wp:featuredmedia":[{"embeddable":true,"href":"https:\/\/eskigazeteci.com\/index.php?rest_route=\/wp\/v2\/media\/30369"}],"wp:attachment":[{"href":"https:\/\/eskigazeteci.com\/index.php?rest_route=%2Fwp%2Fv2%2Fmedia&parent=30370"}],"wp:term":[{"taxonomy":"category","embeddable":true,"href":"https:\/\/eskigazeteci.com\/index.php?rest_route=%2Fwp%2Fv2%2Fcategories&post=30370"},{"taxonomy":"post_tag","embeddable":true,"href":"https:\/\/eskigazeteci.com\/index.php?rest_route=%2Fwp%2Fv2%2Ftags&post=30370"}],"curies":[{"name":"wp","href":"https:\/\/api.w.org\/{rel}","templated":true}]}}