{"id":30366,"date":"2026-04-29T07:03:20","date_gmt":"2026-04-29T07:03:20","guid":{"rendered":"https:\/\/eskigazeteci.com\/?p=30366"},"modified":"2026-04-29T07:03:20","modified_gmt":"2026-04-29T07:03:20","slug":"unlu-ciftten-guclu-haber-melike-sahin-anne-oluyor","status":"publish","type":"post","link":"https:\/\/eskigazeteci.com\/?p=30366","title":{"rendered":"\u00dcnl\u00fc \u00c7iftten G\u00fc\u00e7l\u00fc Haber: Melike \u015eahin Anne Oluyor"},"content":{"rendered":"<p>D\u00fcn Bostanc\u0131 G\u00f6steri Merkezi\u2019nde konser veren \u015fark\u0131c\u0131 hamile oldu\u011funu a\u00e7\u0131klad\u0131. Instagram sayfas\u0131nda karn\u0131 burnunda foto\u011frafla payla\u015fan \u015eahin, alt\u0131na \u201cbebek\u201d emojisi koydu.<\/p>\n","protected":false},"excerpt":{"rendered":"<p>\u015eark\u0131c\u0131 Melike \u015eahin, 2023 y\u0131l\u0131nda uzun s\u00fcre a\u015fk ya\u015fad\u0131\u011f\u0131 sevgilisi Sedat Arpal\u0131k ile nikah masas\u0131 oturmu\u015ftu.<\/p>\n","protected":false},"author":2,"featured_media":30365,"comment_status":"open","ping_status":"open","sticky":false,"template":"","format":"standard","meta":{"footnotes":""},"categories":[8,6,5],"tags":[],"class_list":["post-30366","post","type-post","status-publish","format-standard","has-post-thumbnail","hentry","category-arsiv","category-gundem","category-son-dakika"],"_links":{"self":[{"href":"https:\/\/eskigazeteci.com\/index.php?rest_route=\/wp\/v2\/posts\/30366","targetHints":{"allow":["GET"]}}],"collection":[{"href":"https:\/\/eskigazeteci.com\/index.php?rest_route=\/wp\/v2\/posts"}],"about":[{"href":"https:\/\/eskigazeteci.com\/index.php?rest_route=\/wp\/v2\/types\/post"}],"author":[{"embeddable":true,"href":"https:\/\/eskigazeteci.com\/index.php?rest_route=\/wp\/v2\/users\/2"}],"replies":[{"embeddable":true,"href":"https:\/\/eskigazeteci.com\/index.php?rest_route=%2Fwp%2Fv2%2Fcomments&post=30366"}],"version-history":[{"count":0,"href":"https:\/\/eskigazeteci.com\/index.php?rest_route=\/wp\/v2\/posts\/30366\/revisions"}],"wp:featuredmedia":[{"embeddable":true,"href":"https:\/\/eskigazeteci.com\/index.php?rest_route=\/wp\/v2\/media\/30365"}],"wp:attachment":[{"href":"https:\/\/eskigazeteci.com\/index.php?rest_route=%2Fwp%2Fv2%2Fmedia&parent=30366"}],"wp:term":[{"taxonomy":"category","embeddable":true,"href":"https:\/\/eskigazeteci.com\/index.php?rest_route=%2Fwp%2Fv2%2Fcategories&post=30366"},{"taxonomy":"post_tag","embeddable":true,"href":"https:\/\/eskigazeteci.com\/index.php?rest_route=%2Fwp%2Fv2%2Ftags&post=30366"}],"curies":[{"name":"wp","href":"https:\/\/api.w.org\/{rel}","templated":true}]}}