{"id":30360,"date":"2026-04-29T06:54:48","date_gmt":"2026-04-29T06:54:48","guid":{"rendered":"https:\/\/eskigazeteci.com\/?p=30360"},"modified":"2026-04-29T06:54:48","modified_gmt":"2026-04-29T06:54:48","slug":"universite-sinavi-ne-zaman-2026-yks-ne-zaman-kac-gun-kaldi-tyt-ayt-ydt-oturum-tarihleri","status":"publish","type":"post","link":"https:\/\/eskigazeteci.com\/?p=30360","title":{"rendered":"\u00dcN\u0130VERS\u0130TE SINAVI NE ZAMAN 2026? YKS ne zaman, ka\u00e7 g\u00fcn kald\u0131? TYT, AYT, YDT oturum tarihleri"},"content":{"rendered":"<p>Haziran ay\u0131nda yap\u0131laca\u011f\u0131 \u00d6SYM takvimi ile duyurulan YKS i\u00e7in geri say\u0131m ba\u015flad\u0131. Milyonlarca aday\u0131n gelece\u011fini \u015fekillendirecek olan 2026 Y\u00fcksek\u00f6\u011fretim Kurumlar\u0131 S\u0131nav\u0131 (YKS) i\u00e7in geri say\u0131m h\u0131z kazan\u0131rken, \u00d6SYM taraf\u0131ndan ilan edilen resmi takvimle birlikte TYT, AYT ve YDT oturumlar\u0131n\u0131n kesin tarihleri netle\u015fti. Haziranda ger\u00e7ekle\u015ftirilecek b\u00fcy\u00fck maraton \u00f6ncesinde adaylar, s\u0131nav\u0131n yap\u0131laca\u011f\u0131 g\u00fcne odaklanarak &quot;YKS&#x27;ye ka\u00e7 g\u00fcn kald\u0131?&quot; sorusuna yan\u0131t ar\u0131yor. \u00d6l\u00e7me, Se\u00e7me ve Yerle\u015ftirme Merkezi&#x27;nin belirledi\u011fi s\u0131nav g\u00fcnleri, giri\u015f saatleri ve sonu\u00e7 a\u00e7\u0131klama takvimi, \u00fcniversite kap\u0131s\u0131n\u0131 aralamak isteyen \u00f6\u011frenciler i\u00e7in en kritik rehber niteli\u011fi ta\u015f\u0131yor. Peki, YKS ne zaman yap\u0131lacak, ka\u00e7 g\u00fcn kald\u0131? \u0130\u015fte YKS, TYT, AYT, YDT oturum tarihi ve g\u00fcnleri 2026!<\/p>\n<p>\u00d6SYM taraf\u0131ndan yay\u0131mlanan 2026 y\u0131l\u0131 s\u0131nav takvimine g\u00f6re, Y\u00fcksek\u00f6\u011fretim Kurumlar\u0131 S\u0131nav\u0131 (YKS) Haziran ay\u0131n\u0131n \u00fc\u00e7\u00fcnc\u00fc haftas\u0131nda \u00fc\u00e7 ayr\u0131 oturum halinde ger\u00e7ekle\u015ftirilecektir. \u00dcniversite hayali kuran milyonlarca \u00f6\u011frencinin kat\u0131laca\u011f\u0131 s\u0131nav\u0131n ilk oturumu olan Temel Yeterlilik Testi (TYT), 20 Haziran 2026 Cumartesi g\u00fcn\u00fc saat 10:15&#x27;te ba\u015flayacakt\u0131r. S\u0131nav\u0131n ikinci oturumu olan Alan Yeterlilik Testleri (AYT) 21 Haziran 2026 Pazar sabah\u0131 saat&#8230;<\/p>\n","protected":false},"excerpt":{"rendered":"<p>2026 y\u0131l\u0131 \u00fcniversite s\u0131nav\u0131 haz\u0131rl\u0131k s\u00fcreci devam ederken bir yandan da s\u0131nava ka\u00e7 g\u00fcn kald\u0131\u011f\u0131 merak ediliyor. \u00d6SYM Ba\u015fkan\u0131 taraf\u0131ndan yap\u0131lan a\u00e7\u0131klamaya&#8230;<\/p>\n","protected":false},"author":2,"featured_media":30359,"comment_status":"open","ping_status":"open","sticky":false,"template":"","format":"standard","meta":{"footnotes":""},"categories":[8,6,5],"tags":[],"class_list":["post-30360","post","type-post","status-publish","format-standard","has-post-thumbnail","hentry","category-arsiv","category-gundem","category-son-dakika"],"_links":{"self":[{"href":"https:\/\/eskigazeteci.com\/index.php?rest_route=\/wp\/v2\/posts\/30360","targetHints":{"allow":["GET"]}}],"collection":[{"href":"https:\/\/eskigazeteci.com\/index.php?rest_route=\/wp\/v2\/posts"}],"about":[{"href":"https:\/\/eskigazeteci.com\/index.php?rest_route=\/wp\/v2\/types\/post"}],"author":[{"embeddable":true,"href":"https:\/\/eskigazeteci.com\/index.php?rest_route=\/wp\/v2\/users\/2"}],"replies":[{"embeddable":true,"href":"https:\/\/eskigazeteci.com\/index.php?rest_route=%2Fwp%2Fv2%2Fcomments&post=30360"}],"version-history":[{"count":0,"href":"https:\/\/eskigazeteci.com\/index.php?rest_route=\/wp\/v2\/posts\/30360\/revisions"}],"wp:featuredmedia":[{"embeddable":true,"href":"https:\/\/eskigazeteci.com\/index.php?rest_route=\/wp\/v2\/media\/30359"}],"wp:attachment":[{"href":"https:\/\/eskigazeteci.com\/index.php?rest_route=%2Fwp%2Fv2%2Fmedia&parent=30360"}],"wp:term":[{"taxonomy":"category","embeddable":true,"href":"https:\/\/eskigazeteci.com\/index.php?rest_route=%2Fwp%2Fv2%2Fcategories&post=30360"},{"taxonomy":"post_tag","embeddable":true,"href":"https:\/\/eskigazeteci.com\/index.php?rest_route=%2Fwp%2Fv2%2Ftags&post=30360"}],"curies":[{"name":"wp","href":"https:\/\/api.w.org\/{rel}","templated":true}]}}