{"id":30358,"date":"2026-04-29T06:53:16","date_gmt":"2026-04-29T06:53:16","guid":{"rendered":"https:\/\/eskigazeteci.com\/?p=30358"},"modified":"2026-04-29T06:53:16","modified_gmt":"2026-04-29T06:53:16","slug":"1-mayis-eczanelerin-calisma-durumlari","status":"publish","type":"post","link":"https:\/\/eskigazeteci.com\/?p=30358","title":{"rendered":"1 May\u0131s eczanelerin \u00e7al\u0131\u015fma durumlar\u0131"},"content":{"rendered":"<p>1 May\u0131s, Cuma g\u00fcn\u00fcne denk gelerek 3 g\u00fcnl\u00fck bir tatil s\u00fcreci olu\u015fturuyor. Eczaneler 30 Nisan Per\u015fembe ak\u015fam\u0131 mesai edecektir.<\/p>\n","protected":false},"excerpt":{"rendered":"<p>T\u00fcrkiye genelindeki eczaneler kapal\u0131 olacak.<\/p>\n","protected":false},"author":2,"featured_media":30357,"comment_status":"open","ping_status":"open","sticky":false,"template":"","format":"standard","meta":{"footnotes":""},"categories":[8,6,5],"tags":[],"class_list":["post-30358","post","type-post","status-publish","format-standard","has-post-thumbnail","hentry","category-arsiv","category-gundem","category-son-dakika"],"_links":{"self":[{"href":"https:\/\/eskigazeteci.com\/index.php?rest_route=\/wp\/v2\/posts\/30358","targetHints":{"allow":["GET"]}}],"collection":[{"href":"https:\/\/eskigazeteci.com\/index.php?rest_route=\/wp\/v2\/posts"}],"about":[{"href":"https:\/\/eskigazeteci.com\/index.php?rest_route=\/wp\/v2\/types\/post"}],"author":[{"embeddable":true,"href":"https:\/\/eskigazeteci.com\/index.php?rest_route=\/wp\/v2\/users\/2"}],"replies":[{"embeddable":true,"href":"https:\/\/eskigazeteci.com\/index.php?rest_route=%2Fwp%2Fv2%2Fcomments&post=30358"}],"version-history":[{"count":0,"href":"https:\/\/eskigazeteci.com\/index.php?rest_route=\/wp\/v2\/posts\/30358\/revisions"}],"wp:featuredmedia":[{"embeddable":true,"href":"https:\/\/eskigazeteci.com\/index.php?rest_route=\/wp\/v2\/media\/30357"}],"wp:attachment":[{"href":"https:\/\/eskigazeteci.com\/index.php?rest_route=%2Fwp%2Fv2%2Fmedia&parent=30358"}],"wp:term":[{"taxonomy":"category","embeddable":true,"href":"https:\/\/eskigazeteci.com\/index.php?rest_route=%2Fwp%2Fv2%2Fcategories&post=30358"},{"taxonomy":"post_tag","embeddable":true,"href":"https:\/\/eskigazeteci.com\/index.php?rest_route=%2Fwp%2Fv2%2Ftags&post=30358"}],"curies":[{"name":"wp","href":"https:\/\/api.w.org\/{rel}","templated":true}]}}