{"id":30356,"date":"2026-04-29T06:48:08","date_gmt":"2026-04-29T06:48:08","guid":{"rendered":"https:\/\/eskigazeteci.com\/?p=30356"},"modified":"2026-04-29T06:48:08","modified_gmt":"2026-04-29T06:48:08","slug":"hain-kiraci-ev-sahibinin-hayatini-altust-etti-gercegi-ogrenince-basindan-asagi-kaynar-sular-dokuldu","status":"publish","type":"post","link":"https:\/\/eskigazeteci.com\/?p=30356","title":{"rendered":"Hain kirac\u0131 ev sahibinin hayat\u0131n\u0131 alt\u00fcst etti! Ger\u00e7e\u011fi \u00f6\u011frenince ba\u015f\u0131ndan a\u015fa\u011f\u0131 kaynar sular d\u00f6k\u00fcld\u00fc"},"content":{"rendered":"<p>Olay, ge\u00e7ti\u011fimiz temmuz ay\u0131nda merkez \u00c7ukurova il\u00e7esinde meydana geldi. \u015eenel Karabulut (65), 2 katl\u0131 m\u00fcstakil evinin 1. kat\u0131n\u0131 S.D. ve e\u015fine kiraya verdi. Ya\u015fl\u0131 kad\u0131n\u0131n g\u00fcvenini kazanan \u00e7ift, bir s\u00fcre sonra Karabulut&#x27;un emekli maa\u015f\u0131n\u0131 bankaya gidip \u00e7ekti\u011fini \u00f6\u011frenip, &quot;Bankaya gidip s\u0131ra bekleme, ATM&#x27;den emekli maa\u015f\u0131n\u0131 \u00e7ekelim&quot; teklifinde bulundu. Kirac\u0131s\u0131na g\u00fcvenen ya\u015fl\u0131 kad\u0131n, banka kart\u0131n\u0131 kirac\u0131s\u0131na verdi.<\/p>\n<p>CEP TELEFONUNU DA ALIP KRED\u0130 \u00c7EKT\u0130<\/p>\n<p>\u00c7ift, ya\u015fl\u0131 kad\u0131n\u0131n cep telefonunu da &#x27;g\u00fcncelleme yapaca\u011f\u0131z&#x27; diyerek ald\u0131 ve iddiaya g\u00f6re, bankac\u0131l\u0131k uygulamas\u0131na girip 350 bin TL kredi \u00e7ekti. \u00c7ift, bu krediyi de kendi hesaplar\u0131na aktard\u0131.<\/p>\n<p>3 AY EMEKL\u0130 MAA\u015eINI CEPLER\u0130NDEN \u00d6DED\u0130LER<\/p>\n<p>Kredinin \u00f6demesini emekli maa\u015f\u0131ndan yapt\u0131ran \u00e7ift, ya\u015fl\u0131 kad\u0131n bu olay\u0131 anlamas\u0131n diye de 3 ay boyunca ayl\u0131k 16 bin TL getirip ya\u015fl\u0131 kad\u0131na &quot;Bu senin emekli maa\u015f\u0131n&quot; diyerek verdi.<\/p>\n<p>BANKAYA G\u0130D\u0130NCE GER\u00c7EK ORTAYA \u00c7IKTI<\/p>\n<p>Kas\u0131m ay\u0131nda kirac\u0131s\u0131na &quot;Emekli maa\u015f\u0131m\u0131 ben gidip bankadan \u00e7ekece\u011fim&quot; diyerek kart\u0131n\u0131 vermeyen \u015eenel Karabulut, bankaya gitti\u011finde g\u00f6revlinin, &quot;Emekli maa\u015f\u0131n krediye kesilmi\u015f. Bankam\u0131za 500 bin TL borcunuz var&quot; dedi\u011finde ger\u00e7e\u011fi \u00f6\u011frendi. Karabulut, bankadan d\u00f6n\u00fcnce kirac\u0131s\u0131na durumu sordu ve&#8230;<\/p>\n","protected":false},"excerpt":{"rendered":"<p>Adana&#8217;da, emekli maa\u015f\u0131n\u0131 \u00e7ekmesi i\u00e7in banka kart\u0131n\u0131 ve cep telefonunu kirac\u0131s\u0131na veren ev sahibi hayat\u0131n\u0131 \u015fokunu ya\u015fad\u0131. \u0130ddiaya g\u00f6re kirac\u0131 ev sahibinin&#8230;<\/p>\n","protected":false},"author":2,"featured_media":30355,"comment_status":"open","ping_status":"open","sticky":false,"template":"","format":"standard","meta":{"footnotes":""},"categories":[6,5],"tags":[],"class_list":["post-30356","post","type-post","status-publish","format-standard","has-post-thumbnail","hentry","category-gundem","category-son-dakika"],"_links":{"self":[{"href":"https:\/\/eskigazeteci.com\/index.php?rest_route=\/wp\/v2\/posts\/30356","targetHints":{"allow":["GET"]}}],"collection":[{"href":"https:\/\/eskigazeteci.com\/index.php?rest_route=\/wp\/v2\/posts"}],"about":[{"href":"https:\/\/eskigazeteci.com\/index.php?rest_route=\/wp\/v2\/types\/post"}],"author":[{"embeddable":true,"href":"https:\/\/eskigazeteci.com\/index.php?rest_route=\/wp\/v2\/users\/2"}],"replies":[{"embeddable":true,"href":"https:\/\/eskigazeteci.com\/index.php?rest_route=%2Fwp%2Fv2%2Fcomments&post=30356"}],"version-history":[{"count":0,"href":"https:\/\/eskigazeteci.com\/index.php?rest_route=\/wp\/v2\/posts\/30356\/revisions"}],"wp:featuredmedia":[{"embeddable":true,"href":"https:\/\/eskigazeteci.com\/index.php?rest_route=\/wp\/v2\/media\/30355"}],"wp:attachment":[{"href":"https:\/\/eskigazeteci.com\/index.php?rest_route=%2Fwp%2Fv2%2Fmedia&parent=30356"}],"wp:term":[{"taxonomy":"category","embeddable":true,"href":"https:\/\/eskigazeteci.com\/index.php?rest_route=%2Fwp%2Fv2%2Fcategories&post=30356"},{"taxonomy":"post_tag","embeddable":true,"href":"https:\/\/eskigazeteci.com\/index.php?rest_route=%2Fwp%2Fv2%2Ftags&post=30356"}],"curies":[{"name":"wp","href":"https:\/\/api.w.org\/{rel}","templated":true}]}}