{"id":30350,"date":"2026-04-29T06:43:32","date_gmt":"2026-04-29T06:43:32","guid":{"rendered":"https:\/\/eskigazeteci.com\/?p=30350"},"modified":"2026-04-29T06:43:32","modified_gmt":"2026-04-29T06:43:32","slug":"doc-dr-aylin-sengun-tasci-muzik-vicdanin-sesidir","status":"publish","type":"post","link":"https:\/\/eskigazeteci.com\/?p=30350","title":{"rendered":"Do\u00e7. Dr. Aylin \u015eeng\u00fcn Ta\u015f\u00e7\u0131: M\u00fczik vicdan\u0131n sesidir"},"content":{"rendered":"<p>\u25ca G\u00f6reviniz hay\u0131rl\u0131 olsun. Merkezin ama\u00e7lar\u0131ndan bahseder misiniz biraz?<\/p>\n<p>&#8211; Te\u015fekk\u00fcr ederim. OMAR\u2019\u0131n y\u00f6netimini devralal\u0131 5 ay oldu. Temel amac\u0131m\u0131z, Osmanl\u0131\u2019n\u0131n e\u015fsiz ses miras\u0131n\u0131 tozlu raflardan \u00e7\u0131kar\u0131p hem uluslararas\u0131 arenaya hem de hayat\u0131n tam kalbine ta\u015f\u0131mak.<\/p>\n<p>\u25ca Yak\u0131n d\u00f6nem projeleriniz neler?<\/p>\n<p>&#8211; \u00d6ncelikle Uluslararas\u0131 M\u00fczik Akademisi\u2019ni hayata ge\u00e7irmek istiyoruz. OMAR\u2019\u0131n d\u00fcnyan\u0131n her yerindeki T\u00fcrk m\u00fczi\u011fine g\u00f6n\u00fcl vermi\u015f insanlara dokunan, kapsay\u0131c\u0131 bir okul olmas\u0131n\u0131 hayal ediyoruz. Ayr\u0131ca T\u00fcrkiye\u2019nin ilk T\u00fcrk m\u00fczi\u011fi ilkokulu olan Palet T\u00fcrk M\u00fczi\u011fi \u0130lkokulu ile dev bir i\u015f birli\u011fine ba\u015flamak \u00fczereyiz. Rekt\u00f6r\u00fcm\u00fcz Prof. Dr. Osman B\u00fclent Z\u00fclfikar ve YETEV Ba\u015fkan\u0131 Bilal Erdo\u011fan taraf\u0131ndan imzalanacak protokolle, akademik birikimimizi \u00e7ocuk ya\u015fta taze dima\u011flarla bulu\u015fturaca\u011f\u0131z. Di\u011fer yandan y\u0131llard\u0131r ger\u00e7ekle\u015fmesi beklenen OMAR Kal\u0131c\u0131 Sergi projesini nihayet \u00f6n\u00fcm\u00fczdeki e\u011fitim y\u0131l\u0131 ba\u015f\u0131nda a\u00e7mak niyetiyle kollar\u0131 s\u0131vad\u0131k. Merkezimiz olan Mirg\u00fcn K\u00f6\u015fk\u00fc tadilattan ge\u00e7ti. Burada \u00fcniversitemizin merkezimize kazand\u0131rd\u0131\u011f\u0131 Ethem Ruhi \u00dcng\u00f6r Koleksiyonu\u2019nun i\u00e7inde yer alan paha bi\u00e7ilemez enstr\u00fcman ve el yazmas\u0131 eserleri ziyaret\u00e7ilerimize sunaca\u011f\u0131z. \u0130\u00e7inde \u00e7al\u0131\u015ft\u0131\u011f\u0131m\u0131z Mirg\u00fcn K\u00f6\u015fk\u00fc\u2019n\u00fcn ayn\u0131&#8230;<\/p>\n","protected":false},"excerpt":{"rendered":"<p>Osmanl\u0131 Devleti\u2019nin ilk resmi m\u00fczik okulu Dar\u00fclelhan\u2019dan devrald\u0131\u011f\u0131 k\u00f6kl\u00fc miras\u0131 g\u00fcn\u00fcm\u00fcze ta\u015f\u0131yan \u0130stanbul \u00dcniversitesi Osmanl\u0131 D\u00f6nemi M\u00fczi\u011fi Uygulama ve&#8230;<\/p>\n","protected":false},"author":2,"featured_media":30349,"comment_status":"open","ping_status":"open","sticky":false,"template":"","format":"standard","meta":{"footnotes":""},"categories":[8,6,5],"tags":[],"class_list":["post-30350","post","type-post","status-publish","format-standard","has-post-thumbnail","hentry","category-arsiv","category-gundem","category-son-dakika"],"_links":{"self":[{"href":"https:\/\/eskigazeteci.com\/index.php?rest_route=\/wp\/v2\/posts\/30350","targetHints":{"allow":["GET"]}}],"collection":[{"href":"https:\/\/eskigazeteci.com\/index.php?rest_route=\/wp\/v2\/posts"}],"about":[{"href":"https:\/\/eskigazeteci.com\/index.php?rest_route=\/wp\/v2\/types\/post"}],"author":[{"embeddable":true,"href":"https:\/\/eskigazeteci.com\/index.php?rest_route=\/wp\/v2\/users\/2"}],"replies":[{"embeddable":true,"href":"https:\/\/eskigazeteci.com\/index.php?rest_route=%2Fwp%2Fv2%2Fcomments&post=30350"}],"version-history":[{"count":0,"href":"https:\/\/eskigazeteci.com\/index.php?rest_route=\/wp\/v2\/posts\/30350\/revisions"}],"wp:featuredmedia":[{"embeddable":true,"href":"https:\/\/eskigazeteci.com\/index.php?rest_route=\/wp\/v2\/media\/30349"}],"wp:attachment":[{"href":"https:\/\/eskigazeteci.com\/index.php?rest_route=%2Fwp%2Fv2%2Fmedia&parent=30350"}],"wp:term":[{"taxonomy":"category","embeddable":true,"href":"https:\/\/eskigazeteci.com\/index.php?rest_route=%2Fwp%2Fv2%2Fcategories&post=30350"},{"taxonomy":"post_tag","embeddable":true,"href":"https:\/\/eskigazeteci.com\/index.php?rest_route=%2Fwp%2Fv2%2Ftags&post=30350"}],"curies":[{"name":"wp","href":"https:\/\/api.w.org\/{rel}","templated":true}]}}