{"id":30346,"date":"2026-04-29T06:35:06","date_gmt":"2026-04-29T06:35:06","guid":{"rendered":"https:\/\/eskigazeteci.com\/?p=30346"},"modified":"2026-04-29T06:35:06","modified_gmt":"2026-04-29T06:35:06","slug":"abd-pasaportlarina-trump-ayari","status":"publish","type":"post","link":"https:\/\/eskigazeteci.com\/?p=30346","title":{"rendered":"ABD pasaportlar\u0131na &#8216;Trump&#8217; ayar\u0131"},"content":{"rendered":"<p>ABD Ba\u015fkan\u0131 Donald Trump, tart\u0131\u015fma yaratan ad\u0131mlar\u0131na bir yenisini daha ekledi. ABD\u2019nin ba\u011f\u0131ms\u0131zl\u0131\u011f\u0131n\u0131n 250\u2019nci y\u0131l\u0131 i\u00e7in haz\u0131rlanacak s\u0131n\u0131rl\u0131 say\u0131daki \u00f6zel tasar\u0131m pasaportlarda Trump\u2019\u0131n portresine yer verilece\u011fi ortaya \u00e7\u0131kt\u0131.<\/p>\n<p>The Guardian&#x27;da yer alan habere g\u00f6re, yeni tasar\u0131m pasaportlar\u0131n bu yaz bas\u0131lmas\u0131 planlan\u0131rken, belgelerde Trump\u2019\u0131n foto\u011fraf\u0131 ve alt\u0131n renkli imzas\u0131n\u0131n bulunaca\u011f\u0131 belirtildi.<\/p>\n<p>PASAPORTUN \u0130\u00c7 KAPA\u011eINDA TRUMP PORTRES\u0130<\/p>\n<p>\u00d6zel tasar\u0131m pasaportlar\u0131n i\u00e7 kapa\u011f\u0131nda Ba\u011f\u0131ms\u0131zl\u0131k Bildirgesi metni ile dalgalanan ABD bayra\u011f\u0131 \u00f6n\u00fcnde Trump\u2019\u0131n portresi yer alacak.<\/p>\n<p>Trump \u2019\u0131n alt\u0131n renkli imzas\u0131 ise portrenin hemen alt\u0131nda, \u201cAmerika Birle\u015fik Devletleri\u201d yaz\u0131s\u0131yla birlikte bas\u0131lacak.<\/p>\n<p>KURUCU L\u0130DERLER TABLOSU DA YER ALACAK<\/p>\n<p>Pasaport tasar\u0131m\u0131nda, ressam John Trumbull\u2019un kurucu liderler Ba\u011f\u0131ms\u0131zl\u0131k Bildirgesi\u2019ni imzalamas\u0131n\u0131 resmetti\u011fi ikonik tabloya da ayr\u0131 bir sayfada yer verilecek.<\/p>\n<p>Arka kapakta ise 1777 y\u0131l\u0131nda Kongre taraf\u0131ndan kabul edilen ilk resmi Amerikan bayra\u011f\u0131n\u0131n lacivert ve alt\u0131n renkli \u00f6zel versiyonu bulunacak. Bayraktaki 13 y\u0131ld\u0131z\u0131n ortas\u0131na ise \u201c250\u201d say\u0131s\u0131 yerle\u015ftirilecek.<\/p>\n<p>DI\u015e\u0130\u015eLER\u0130 BAKANLI\u011eI: TAR\u0130H\u0130 OLAYI ANMAK \u0130\u00c7\u0130N<\/p>\n<p>ABD D\u0131\u015fi\u015fleri Bakanl\u0131\u011f\u0131 S\u00f6zc\u00fcs\u00fc Tommy&#8230;<\/p>\n","protected":false},"excerpt":{"rendered":"<p>ABD Ba\u015fkan\u0131 Donald Trump\u2019\u0131n, \u00fclkenin 250\u2019nci kurulu\u015f y\u0131l\u0131 i\u00e7in bas\u0131lacak \u00f6zel tasar\u0131m pasaportlarda kendi portresine ve alt\u0131n renkli imzas\u0131na yer verilece\u011fi&#8230;<\/p>\n","protected":false},"author":2,"featured_media":30345,"comment_status":"open","ping_status":"open","sticky":false,"template":"","format":"standard","meta":{"footnotes":""},"categories":[8,6,5],"tags":[],"class_list":["post-30346","post","type-post","status-publish","format-standard","has-post-thumbnail","hentry","category-arsiv","category-gundem","category-son-dakika"],"_links":{"self":[{"href":"https:\/\/eskigazeteci.com\/index.php?rest_route=\/wp\/v2\/posts\/30346","targetHints":{"allow":["GET"]}}],"collection":[{"href":"https:\/\/eskigazeteci.com\/index.php?rest_route=\/wp\/v2\/posts"}],"about":[{"href":"https:\/\/eskigazeteci.com\/index.php?rest_route=\/wp\/v2\/types\/post"}],"author":[{"embeddable":true,"href":"https:\/\/eskigazeteci.com\/index.php?rest_route=\/wp\/v2\/users\/2"}],"replies":[{"embeddable":true,"href":"https:\/\/eskigazeteci.com\/index.php?rest_route=%2Fwp%2Fv2%2Fcomments&post=30346"}],"version-history":[{"count":0,"href":"https:\/\/eskigazeteci.com\/index.php?rest_route=\/wp\/v2\/posts\/30346\/revisions"}],"wp:featuredmedia":[{"embeddable":true,"href":"https:\/\/eskigazeteci.com\/index.php?rest_route=\/wp\/v2\/media\/30345"}],"wp:attachment":[{"href":"https:\/\/eskigazeteci.com\/index.php?rest_route=%2Fwp%2Fv2%2Fmedia&parent=30346"}],"wp:term":[{"taxonomy":"category","embeddable":true,"href":"https:\/\/eskigazeteci.com\/index.php?rest_route=%2Fwp%2Fv2%2Fcategories&post=30346"},{"taxonomy":"post_tag","embeddable":true,"href":"https:\/\/eskigazeteci.com\/index.php?rest_route=%2Fwp%2Fv2%2Ftags&post=30346"}],"curies":[{"name":"wp","href":"https:\/\/api.w.org\/{rel}","templated":true}]}}