{"id":30324,"date":"2026-04-29T05:46:21","date_gmt":"2026-04-29T05:46:21","guid":{"rendered":"https:\/\/eskigazeteci.com\/?p=30324"},"modified":"2026-04-29T05:46:21","modified_gmt":"2026-04-29T05:46:21","slug":"onu-alti-aylik-bebekken-kollarina-almisti-evlatlik-cocugu-konustu-aglamamak-icin-yutkunup-durdu","status":"publish","type":"post","link":"https:\/\/eskigazeteci.com\/?p=30324","title":{"rendered":"Onu alt\u0131 ayl\u0131k bebekken kollar\u0131na alm\u0131\u015ft\u0131&#8230; Evlatl\u0131k \u00e7ocu\u011fu konu\u015ftu&#8230; A\u011flamamak i\u00e7in yutkunup durdu"},"content":{"rendered":"<p>Son y\u0131llarda eski kocas\u0131 Brad Pitt ile kavgal\u0131 bo\u015fanmas\u0131yla konu\u015fulan 50 ya\u015f\u0131ndaki Jolie, anne olman\u0131n keyfini sonuna kadar \u00e7\u0131kard\u0131 \u00e7ok \u00f6zel bir g\u00fcnde.<\/p>\n<p>Onu b\u00f6ylesine duyguland\u0131ran ise ufac\u0131k bir bebekken Etiyopya&#x27;dan evlat edindi\u011fi k\u0131z\u0131 Zahara Marley oldu.<\/p>\n<p>21 ya\u015f\u0131ndaki Zahara, ge\u00e7ti\u011fimiz hafta sonu, e\u011fitim g\u00f6rd\u00fc\u011f\u00fc Atlanta&#x27;daki Spelman College&#x27;da d\u00fczenlenen bir etkinlikte konu\u015fmac\u0131 olarak yer ald\u0131.<\/p>\n<p>Anneler ve k\u0131zlar\u0131 aras\u0131ndaki ba\u011f\u0131 ana tema olarak alan etkinlikte Zahara, annesi Angelina Jolie hakk\u0131nda \u00f6yle dokunakl\u0131 s\u00f6zler sarf etti ki \u00fcnl\u00fc y\u0131ld\u0131z duygulanmaktan kendini alamad\u0131.<\/p>\n<p>&#x27;\u00d6ZVER\u0130L\u0130, SEVG\u0130 DOLU VE ANLAYI\u015eLI&#x27; Zahara, &quot;Bug\u00fcn anne ile k\u0131z ili\u015fkilerinin de\u011feri hakk\u0131nda konu\u015fma yapmam istendi\u011finde kelime bulmakta zorland\u0131m&quot; dedi.<\/p>\n<p>Gen\u00e7 k\u0131z &quot;Buna de\u011fer vermedi\u011fimden de\u011fil. Annemle aram\u0131zda, kelimelere d\u00f6k\u00fclmesi kolay olmayan, \u00f6yle e\u015fsiz bir ba\u011f var ki&quot; diye s\u00fcrd\u00fcrd\u00fc s\u00f6zlerini.<\/p>\n<p>Sonra da Angelina Jolie&#x27;yi &quot;\u00d6zverili, sevgi dolu ve anlay\u0131\u015fl\u0131&quot; diyerek tan\u0131mlad\u0131.<\/p>\n<p>Jolie&#x27;nin kendisini hen\u00fcz 6 ayl\u0131kken evlat edindi\u011fini hat\u0131rlatan Zahara, &quot;Annem bizi. ba\u015fkalar\u0131na yard\u0131m eli uzatman\u0131n, insan olarak geli\u015fmeye \u00e7al\u0131\u015fman\u0131n de\u011ferini \u00f6\u011freterek yeti\u015ftirdi&quot; diye konu\u015ftu.<\/p>\n<p>KIZI KONU\u015eTUK\u00c7A O&#8230;<\/p>\n","protected":false},"excerpt":{"rendered":"<p>Hollywood&#8217;un \u00fcnl\u00fc y\u0131ld\u0131zlar\u0131ndan Angelina Jolie, hayat\u0131n\u0131n en duygu dolu g\u00fcnlerinden birini ya\u015fad\u0131.<\/p>\n","protected":false},"author":2,"featured_media":30323,"comment_status":"open","ping_status":"open","sticky":false,"template":"","format":"standard","meta":{"footnotes":""},"categories":[8,6,5],"tags":[],"class_list":["post-30324","post","type-post","status-publish","format-standard","has-post-thumbnail","hentry","category-arsiv","category-gundem","category-son-dakika"],"_links":{"self":[{"href":"https:\/\/eskigazeteci.com\/index.php?rest_route=\/wp\/v2\/posts\/30324","targetHints":{"allow":["GET"]}}],"collection":[{"href":"https:\/\/eskigazeteci.com\/index.php?rest_route=\/wp\/v2\/posts"}],"about":[{"href":"https:\/\/eskigazeteci.com\/index.php?rest_route=\/wp\/v2\/types\/post"}],"author":[{"embeddable":true,"href":"https:\/\/eskigazeteci.com\/index.php?rest_route=\/wp\/v2\/users\/2"}],"replies":[{"embeddable":true,"href":"https:\/\/eskigazeteci.com\/index.php?rest_route=%2Fwp%2Fv2%2Fcomments&post=30324"}],"version-history":[{"count":0,"href":"https:\/\/eskigazeteci.com\/index.php?rest_route=\/wp\/v2\/posts\/30324\/revisions"}],"wp:featuredmedia":[{"embeddable":true,"href":"https:\/\/eskigazeteci.com\/index.php?rest_route=\/wp\/v2\/media\/30323"}],"wp:attachment":[{"href":"https:\/\/eskigazeteci.com\/index.php?rest_route=%2Fwp%2Fv2%2Fmedia&parent=30324"}],"wp:term":[{"taxonomy":"category","embeddable":true,"href":"https:\/\/eskigazeteci.com\/index.php?rest_route=%2Fwp%2Fv2%2Fcategories&post=30324"},{"taxonomy":"post_tag","embeddable":true,"href":"https:\/\/eskigazeteci.com\/index.php?rest_route=%2Fwp%2Fv2%2Ftags&post=30324"}],"curies":[{"name":"wp","href":"https:\/\/api.w.org\/{rel}","templated":true}]}}