{"id":30322,"date":"2026-04-29T05:44:49","date_gmt":"2026-04-29T05:44:49","guid":{"rendered":"https:\/\/eskigazeteci.com\/?p=30322"},"modified":"2026-04-29T05:44:49","modified_gmt":"2026-04-29T05:44:49","slug":"recep-tayyip-erdoganin-cumhurbaskanligina-katilim","status":"publish","type":"post","link":"https:\/\/eskigazeteci.com\/?p=30322","title":{"rendered":"Recep Tayyip Erdo\u011fan&#8217;\u0131n Cumhurba\u015fkanl\u0131\u011f\u0131na Kat\u0131l\u0131m"},"content":{"rendered":"<p>Cumhurba\u015fkan\u0131 Recep Tayyip Erdo\u011fan, Necip Faz\u0131l K\u0131sak\u00fcrek&#x27;in ayn\u0131 adl\u0131 tiyatro eserinden Murat \u00c7eri y\u00f6netmenli\u011finde sinemaya uyarlanan &#x27;Bir Adam Yaratmak&#x27; filmi ile televizyon izleme platformlar\u0131na kat\u0131ld\u0131. Bu uyarlamalar, T\u00fcrkiye&#x27;nin en \u00f6nemli tarihsel geli\u015fimlerini ve geleceklerini yans\u0131tmakta ve bu filmi de bu d\u00f6nemleri anlaml\u0131 bir \u015fekilde ifade etmektedir.<\/p>\n","protected":false},"excerpt":{"rendered":"<p>Erdo\u011fan, K\u0131sak\u00fcrek&#8217;in &#8216;Bir Adam Yaratmak&#8217; adl\u0131 tiyatro uyar\u0131s\u0131 olan sinema filmiyle televizyon izleme platforma kat\u0131ld\u0131.<\/p>\n","protected":false},"author":2,"featured_media":30321,"comment_status":"open","ping_status":"open","sticky":false,"template":"","format":"standard","meta":{"footnotes":""},"categories":[8,6,5],"tags":[],"class_list":["post-30322","post","type-post","status-publish","format-standard","has-post-thumbnail","hentry","category-arsiv","category-gundem","category-son-dakika"],"_links":{"self":[{"href":"https:\/\/eskigazeteci.com\/index.php?rest_route=\/wp\/v2\/posts\/30322","targetHints":{"allow":["GET"]}}],"collection":[{"href":"https:\/\/eskigazeteci.com\/index.php?rest_route=\/wp\/v2\/posts"}],"about":[{"href":"https:\/\/eskigazeteci.com\/index.php?rest_route=\/wp\/v2\/types\/post"}],"author":[{"embeddable":true,"href":"https:\/\/eskigazeteci.com\/index.php?rest_route=\/wp\/v2\/users\/2"}],"replies":[{"embeddable":true,"href":"https:\/\/eskigazeteci.com\/index.php?rest_route=%2Fwp%2Fv2%2Fcomments&post=30322"}],"version-history":[{"count":0,"href":"https:\/\/eskigazeteci.com\/index.php?rest_route=\/wp\/v2\/posts\/30322\/revisions"}],"wp:featuredmedia":[{"embeddable":true,"href":"https:\/\/eskigazeteci.com\/index.php?rest_route=\/wp\/v2\/media\/30321"}],"wp:attachment":[{"href":"https:\/\/eskigazeteci.com\/index.php?rest_route=%2Fwp%2Fv2%2Fmedia&parent=30322"}],"wp:term":[{"taxonomy":"category","embeddable":true,"href":"https:\/\/eskigazeteci.com\/index.php?rest_route=%2Fwp%2Fv2%2Fcategories&post=30322"},{"taxonomy":"post_tag","embeddable":true,"href":"https:\/\/eskigazeteci.com\/index.php?rest_route=%2Fwp%2Fv2%2Ftags&post=30322"}],"curies":[{"name":"wp","href":"https:\/\/api.w.org\/{rel}","templated":true}]}}