{"id":30316,"date":"2026-04-29T05:25:02","date_gmt":"2026-04-29T05:25:02","guid":{"rendered":"https:\/\/eskigazeteci.com\/?p=30316"},"modified":"2026-04-29T05:25:02","modified_gmt":"2026-04-29T05:25:02","slug":"gedson-fernandes-icin-2-turk-karsi-karsiya-temaslar-basladi","status":"publish","type":"post","link":"https:\/\/eskigazeteci.com\/?p=30316","title":{"rendered":"Gedson Fernandes i\u00e7in 2 T\u00fcrk kar\u015f\u0131 kar\u015f\u0131ya! Temaslar ba\u015flad\u0131"},"content":{"rendered":"<p>Yeni sezon \u00f6ncesi kadrosunu g\u00fc\u00e7lendirmek isteyen Be\u015fikta\u015f ve Trabzonspor , orta saha transferinde kar\u015f\u0131 kar\u015f\u0131ya geldi. Bordo-Mavililer\u2019in, Spartak Moskova formas\u0131 giyen Gedson Fernandes i\u00e7in temaslar\u0131n\u0131 s\u00fcrd\u00fcrd\u00fc\u011f\u00fc \u00f6ne s\u00fcr\u00fcld\u00fc.<\/p>\n<p>RUSYA&#x27;DAN YEN\u0130DEN V\u0130TR\u0130NE \u00c7IKTI<\/p>\n<p>Dinamik yap\u0131s\u0131 ve iki y\u00f6nl\u00fc oyunu ile bilinen 27 ya\u015f\u0131ndaki futbolcu, bu sezon Rus ekibinde ortaya koydu\u011fu performansla yeniden vitrine \u00e7\u0131kt\u0131.<\/p>\n<p>Portekizli orta saha oyuncusu, geride kalan s\u00fcre\u00e7te 31 resmi ma\u00e7ta 6 gol ve 3 asistlik katk\u0131 sa\u011flayarak tak\u0131m\u0131n\u0131n \u00f6nemli par\u00e7alar\u0131ndan biri oldu. 2029 y\u0131l\u0131na kadar s\u00f6zle\u015fmesi bulunan Gedson i\u00e7in kul\u00fcb\u00fcn\u00fcn y\u00fcksek bir bonservis beklentisi oldu\u011fu ve bu rakam\u0131n 30 milyon Euro\u2019nun \u00fczerinde oldu\u011fu \u00f6\u011frenildi.<\/p>\n<p>AYRILI\u011eA SICAK<\/p>\n<p>\u00d6te yandan Be\u015fikta\u015f da eski oyuncusu i\u00e7in giri\u015fimlerini s\u00fcrd\u00fcr\u00fcyor. Siyah-Beyazl\u0131lar\u2019\u0131n, orta sahadaki belirsizlikler nedeniyle Gedson\u2019u tekrar kadroya katmak istedi\u011fi \u00f6ne s\u00fcr\u00fcld\u00fc. Oyuncunun Rusya\u2019daki gelece\u011fine dair soru i\u015faretleri ve ayr\u0131l\u0131\u011fa s\u0131cak bakmas\u0131, Kara Kartal\u2019\u0131n elini g\u00fc\u00e7lendiriyor.<\/p>\n<p>T\u00fcrkiye&#x27;den ve D\u00fcnya\u2019dan son dakika haberleri, k\u00f6\u015fe yaz\u0131lar\u0131, magazinden siyasete, spordan seyahate b\u00fct\u00fcn konular\u0131n tek adresi Hurriyet.com.tr haber i\u00e7erikleri izin al\u0131nmadan,&#8230;<\/p>\n","protected":false},"excerpt":{"rendered":"<p>Be\u015fikta\u015f&#8217;\u0131n sezon ba\u015f\u0131nda Rusya&#8217;ya g\u00f6nderdi\u011fi Gedson Fernandes&#8217;in transferi konusunda yeni geli\u015fmeler ya\u015fan\u0131yor.<\/p>\n","protected":false},"author":2,"featured_media":30315,"comment_status":"open","ping_status":"open","sticky":false,"template":"","format":"standard","meta":{"footnotes":""},"categories":[8,5,7],"tags":[],"class_list":["post-30316","post","type-post","status-publish","format-standard","has-post-thumbnail","hentry","category-arsiv","category-son-dakika","category-spor"],"_links":{"self":[{"href":"https:\/\/eskigazeteci.com\/index.php?rest_route=\/wp\/v2\/posts\/30316","targetHints":{"allow":["GET"]}}],"collection":[{"href":"https:\/\/eskigazeteci.com\/index.php?rest_route=\/wp\/v2\/posts"}],"about":[{"href":"https:\/\/eskigazeteci.com\/index.php?rest_route=\/wp\/v2\/types\/post"}],"author":[{"embeddable":true,"href":"https:\/\/eskigazeteci.com\/index.php?rest_route=\/wp\/v2\/users\/2"}],"replies":[{"embeddable":true,"href":"https:\/\/eskigazeteci.com\/index.php?rest_route=%2Fwp%2Fv2%2Fcomments&post=30316"}],"version-history":[{"count":0,"href":"https:\/\/eskigazeteci.com\/index.php?rest_route=\/wp\/v2\/posts\/30316\/revisions"}],"wp:featuredmedia":[{"embeddable":true,"href":"https:\/\/eskigazeteci.com\/index.php?rest_route=\/wp\/v2\/media\/30315"}],"wp:attachment":[{"href":"https:\/\/eskigazeteci.com\/index.php?rest_route=%2Fwp%2Fv2%2Fmedia&parent=30316"}],"wp:term":[{"taxonomy":"category","embeddable":true,"href":"https:\/\/eskigazeteci.com\/index.php?rest_route=%2Fwp%2Fv2%2Fcategories&post=30316"},{"taxonomy":"post_tag","embeddable":true,"href":"https:\/\/eskigazeteci.com\/index.php?rest_route=%2Fwp%2Fv2%2Ftags&post=30316"}],"curies":[{"name":"wp","href":"https:\/\/api.w.org\/{rel}","templated":true}]}}