{"id":30312,"date":"2026-04-29T05:04:52","date_gmt":"2026-04-29T05:04:52","guid":{"rendered":"https:\/\/eskigazeteci.com\/?p=30312"},"modified":"2026-04-29T05:04:52","modified_gmt":"2026-04-29T05:04:52","slug":"erzincanda-anne-ayi-ve-yavrulari-kamerada","status":"publish","type":"post","link":"https:\/\/eskigazeteci.com\/?p=30312","title":{"rendered":"Erzincan&#8217;da Anne Ay\u0131 ve Yavrular\u0131 Kamerada"},"content":{"rendered":"<p>B\u00f6lgede y\u00fcr\u00fcy\u00fc\u015fe \u00e7\u0131kan bir grup vatanda\u015flar, do\u011fada anne ay\u0131 ve yavrular\u0131yla kar\u015f\u0131la\u015ft\u0131. Bahar d\u00f6nemine uyum sa\u011flamaya \u00e7al\u0131\u015fan ay\u0131n\u0131n bir s\u00fcre b\u00f6lgede dola\u015fan g\u00f6r\u00fcnt\u00fclerde g\u00f6zden kayboldu.<\/p>\n","protected":false},"excerpt":{"rendered":"<p>Erzincan&#8217;da Munzur Da\u011flar\u0131&#8217;n\u0131n k\u0131\u015f uykusundan uyulanm\u0131\u015f anne ay\u0131 ve yavrular, karl\u0131 arazide yiyecek ara\u015ft\u0131\u011f\u0131nda g\u00f6zden kayboldu.<\/p>\n","protected":false},"author":2,"featured_media":30311,"comment_status":"open","ping_status":"open","sticky":false,"template":"","format":"standard","meta":{"footnotes":""},"categories":[8,6,5],"tags":[],"class_list":["post-30312","post","type-post","status-publish","format-standard","has-post-thumbnail","hentry","category-arsiv","category-gundem","category-son-dakika"],"_links":{"self":[{"href":"https:\/\/eskigazeteci.com\/index.php?rest_route=\/wp\/v2\/posts\/30312","targetHints":{"allow":["GET"]}}],"collection":[{"href":"https:\/\/eskigazeteci.com\/index.php?rest_route=\/wp\/v2\/posts"}],"about":[{"href":"https:\/\/eskigazeteci.com\/index.php?rest_route=\/wp\/v2\/types\/post"}],"author":[{"embeddable":true,"href":"https:\/\/eskigazeteci.com\/index.php?rest_route=\/wp\/v2\/users\/2"}],"replies":[{"embeddable":true,"href":"https:\/\/eskigazeteci.com\/index.php?rest_route=%2Fwp%2Fv2%2Fcomments&post=30312"}],"version-history":[{"count":0,"href":"https:\/\/eskigazeteci.com\/index.php?rest_route=\/wp\/v2\/posts\/30312\/revisions"}],"wp:featuredmedia":[{"embeddable":true,"href":"https:\/\/eskigazeteci.com\/index.php?rest_route=\/wp\/v2\/media\/30311"}],"wp:attachment":[{"href":"https:\/\/eskigazeteci.com\/index.php?rest_route=%2Fwp%2Fv2%2Fmedia&parent=30312"}],"wp:term":[{"taxonomy":"category","embeddable":true,"href":"https:\/\/eskigazeteci.com\/index.php?rest_route=%2Fwp%2Fv2%2Fcategories&post=30312"},{"taxonomy":"post_tag","embeddable":true,"href":"https:\/\/eskigazeteci.com\/index.php?rest_route=%2Fwp%2Fv2%2Ftags&post=30312"}],"curies":[{"name":"wp","href":"https:\/\/api.w.org\/{rel}","templated":true}]}}