{"id":30310,"date":"2026-04-29T05:03:28","date_gmt":"2026-04-29T05:03:28","guid":{"rendered":"https:\/\/eskigazeteci.com\/?p=30310"},"modified":"2026-04-29T05:03:28","modified_gmt":"2026-04-29T05:03:28","slug":"artvinde-7-kisinin-yaralandigi-tunel-kazasi-kamerada","status":"publish","type":"post","link":"https:\/\/eskigazeteci.com\/?p=30310","title":{"rendered":"Artvin&#8217;de 7 ki\u015finin yaraland\u0131\u011f\u0131 t\u00fcnel kazas\u0131 kamerada"},"content":{"rendered":"<p>Kaza, 27 Nisan&#x27;da Artvin -Erzurum kara yolu \u00fczerindeki 4 kilometrelik t\u00fcnelde meydana geldi. Edinilen bilgilere g\u00f6re, Yusufeli istikametinden Artvin y\u00f6n\u00fcne seyreden Mehmet \u015e. idaresindeki Artvin Orman \u0130\u015fletme M\u00fcd\u00fcrl\u00fc\u011f\u00fc&#x27;ne ait 08 DE 524 plakal\u0131 kamyonet, t\u00fcnel i\u00e7inde \u015ferit ihlali yaparak kar\u015f\u0131 y\u00f6nden gelen Ali Fuat Beyaz&#x27;\u0131n kulland\u0131\u011f\u0131 08 ABB 956 plakal\u0131 kamyonetle \u00e7arp\u0131\u015ft\u0131. Kazada s\u00fcr\u00fcc\u00fcler Mehmet \u015e. ve Ali Fuat Beyaz ile ara\u00e7larda bulunan Orhan B\u0131y\u0131kl\u0131, \u015eenol Aydemir, Murat \u00d6zmen, Do\u011fan \u00dclker ve Se\u00e7kin \u00d6zay yaraland\u0131. \u0130hbar \u00fczerine olay yerine sa\u011fl\u0131k ekipleri sevk edilirken, yaral\u0131lar ilk m\u00fcdahalelerinin ard\u0131ndan Artvin Devlet Hastanesi&#x27;ne kald\u0131r\u0131ld\u0131.<\/p>\n<p>Yaral\u0131lar\u0131n hayati tehlikelerinin bulunmad\u0131\u011f\u0131 \u00f6\u011frenilirken, kazayla ilgili inceleme ba\u015flat\u0131ld\u0131. Kazan\u0131n t\u00fcnel i\u00e7indeki g\u00fcvenlik kameras\u0131na yans\u0131yan g\u00f6r\u00fcnt\u00fclerinde, s\u00fcr\u00fcc\u00fc kar\u015f\u0131 \u015feride ge\u00e7ti\u011fi ve kar\u015f\u0131 y\u00f6nden gelen ara\u00e7la \u00e7arp\u0131\u015ft\u0131\u011f\u0131 anlar yer ald\u0131.<\/p>\n<p>T\u00fcrkiye g\u00fcndeminden son dakika haberleri, bug\u00fcn ya\u015fanan en son geli\u015fmeler, siyaset g\u00fcndeminden g\u00fcncel haberler ve b\u00fct\u00fcn son dakika haberleri i\u00e7in H\u00fcrriyet&#x27;in internet haber sitesi hurriyet.com.tr; Hurriyet.com.tr haber i\u00e7erikleri kaynak g\u00f6sterilmeden al\u0131nt\u0131 yap\u0131lamaz, Kanuna ayk\u0131r\u0131 ve&#8230;<\/p>\n","protected":false},"excerpt":{"rendered":"<p>Artvin-Erzurum karayolunun 7. kilometresindeki t\u00fcnelde, iki kamyonetin \u00e7arp\u0131\u015fmas\u0131 sonucu 7 ki\u015finin yaraland\u0131\u011f\u0131 kazan\u0131n g\u00fcvenlik kameras\u0131 g\u00f6r\u00fcnt\u00fcleri ortaya&#8230;<\/p>\n","protected":false},"author":2,"featured_media":30309,"comment_status":"open","ping_status":"open","sticky":false,"template":"","format":"standard","meta":{"footnotes":""},"categories":[8,6,5],"tags":[],"class_list":["post-30310","post","type-post","status-publish","format-standard","has-post-thumbnail","hentry","category-arsiv","category-gundem","category-son-dakika"],"_links":{"self":[{"href":"https:\/\/eskigazeteci.com\/index.php?rest_route=\/wp\/v2\/posts\/30310","targetHints":{"allow":["GET"]}}],"collection":[{"href":"https:\/\/eskigazeteci.com\/index.php?rest_route=\/wp\/v2\/posts"}],"about":[{"href":"https:\/\/eskigazeteci.com\/index.php?rest_route=\/wp\/v2\/types\/post"}],"author":[{"embeddable":true,"href":"https:\/\/eskigazeteci.com\/index.php?rest_route=\/wp\/v2\/users\/2"}],"replies":[{"embeddable":true,"href":"https:\/\/eskigazeteci.com\/index.php?rest_route=%2Fwp%2Fv2%2Fcomments&post=30310"}],"version-history":[{"count":0,"href":"https:\/\/eskigazeteci.com\/index.php?rest_route=\/wp\/v2\/posts\/30310\/revisions"}],"wp:featuredmedia":[{"embeddable":true,"href":"https:\/\/eskigazeteci.com\/index.php?rest_route=\/wp\/v2\/media\/30309"}],"wp:attachment":[{"href":"https:\/\/eskigazeteci.com\/index.php?rest_route=%2Fwp%2Fv2%2Fmedia&parent=30310"}],"wp:term":[{"taxonomy":"category","embeddable":true,"href":"https:\/\/eskigazeteci.com\/index.php?rest_route=%2Fwp%2Fv2%2Fcategories&post=30310"},{"taxonomy":"post_tag","embeddable":true,"href":"https:\/\/eskigazeteci.com\/index.php?rest_route=%2Fwp%2Fv2%2Ftags&post=30310"}],"curies":[{"name":"wp","href":"https:\/\/api.w.org\/{rel}","templated":true}]}}