{"id":30308,"date":"2026-04-29T04:58:08","date_gmt":"2026-04-29T04:58:08","guid":{"rendered":"https:\/\/eskigazeteci.com\/?p=30308"},"modified":"2026-04-29T04:58:08","modified_gmt":"2026-04-29T04:58:08","slug":"trumptan-abluka-talimati-abd-ordusu-hazirliklara-basladi","status":"publish","type":"post","link":"https:\/\/eskigazeteci.com\/?p=30308","title":{"rendered":"Trump&#8217;tan abluka talimat\u0131: &#8216;ABD ordusu haz\u0131rl\u0131klara ba\u015flad\u0131&#8217;"},"content":{"rendered":"<p>Trump&#x27;tan abluka talimat\u0131: &#x27;ABD ordusu haz\u0131rl\u0131klara ba\u015flad\u0131&#x27;<\/p>\n<p>ABD Ba\u015fkan\u0131 Donald Trump , dan\u0131\u015fmanlar\u0131na \u0130ran\u2019a y\u00f6nelik ablukan\u0131n uzat\u0131lmas\u0131 i\u00e7in haz\u0131rl\u0131k yapma talimat\u0131 verdi. ABD ordusunun Trump&#x27;\u0131n talimat\u0131 do\u011frultusunda haz\u0131rl\u0131klara ba\u015flad\u0131\u011f\u0131 \u00f6ne s\u00fcr\u00fcld\u00fc.<\/p>\n<p>The Wall Street Journal\u2019\u0131n ABD \u2019li yetkililere dayand\u0131rd\u0131\u011f\u0131 habere g\u00f6re Trump, son toplant\u0131larda \u0130ran limanlar\u0131na giden ve buralardan \u00e7\u0131kan nakliyat\u0131 engelleyerek \u00fclkenin ekonomisini ve petrol ihracat\u0131n\u0131 bask\u0131 alt\u0131nda tutmaya devam etme karar\u0131 ald\u0131. Yetkililer, Trump\u2019\u0131n bombard\u0131man\u0131 yeniden ba\u015flatma ya da \u00e7at\u0131\u015fmadan \u00e7ekilme se\u00e7eneklerini ablukay\u0131 s\u00fcrd\u00fcrmekten daha riskli buldu\u011funu belirtti.<\/p>\n<p>K\u00f6rfez \u0130\u015fbirli\u011fi Konseyi (K\u0130K) Genel Sekreteri Casim Muhammed el-Budeyvi, Suudi Arabistan&#x27;da ger\u00e7ekle\u015fen toplant\u0131da, K\u0130K \u00fclkeleri aras\u0131ndaki askeri entegrasyonun g\u00fc\u00e7lendirilmesi ve balistik f\u00fczelere kar\u015f\u0131 erken uyar\u0131 sistemi projelerinin h\u0131zland\u0131r\u0131lmas\u0131 karar\u0131 al\u0131nd\u0131\u011f\u0131n\u0131 belirtti.<\/p>\n<p>Cidde&#x27;de bir araya gelen K\u0130K liderlerinin Orta Do\u011fu&#x27;da ya\u015fanan gerilimin yan\u0131 s\u0131ra \u0130ran &#x27;\u0131n K\u0130K \u00fclkeleri ve \u00dcrd\u00fcn&#x27;e y\u00f6nelik sald\u0131r\u0131lar\u0131n\u0131 g\u00f6r\u00fc\u015ft\u00fcklerini aktaran Budeyvi, b\u00f6lgedeki krizi sonland\u0131rabilecek diplomatik \u00e7\u00f6z\u00fcm yollar\u0131 ve K\u00f6rfez \u00fclkelerinin g\u00fcvenlik&#8230;<\/p>\n","protected":false},"excerpt":{"rendered":"<p>\u0130ran-ABD-\u0130srail sava\u015f\u0131 son dakika haberleri&#8230; ABD Ba\u015fkan\u0131 Donald Trump&#8217;\u0131n \u0130ran&#8217;a y\u00f6nelik ablukan\u0131n uzat\u0131lmas\u0131 talimat\u0131 verdi\u011fi iddia edildi. ABD ordusunun&#8230;<\/p>\n","protected":false},"author":2,"featured_media":30307,"comment_status":"open","ping_status":"open","sticky":false,"template":"","format":"standard","meta":{"footnotes":""},"categories":[8,6,5],"tags":[],"class_list":["post-30308","post","type-post","status-publish","format-standard","has-post-thumbnail","hentry","category-arsiv","category-gundem","category-son-dakika"],"_links":{"self":[{"href":"https:\/\/eskigazeteci.com\/index.php?rest_route=\/wp\/v2\/posts\/30308","targetHints":{"allow":["GET"]}}],"collection":[{"href":"https:\/\/eskigazeteci.com\/index.php?rest_route=\/wp\/v2\/posts"}],"about":[{"href":"https:\/\/eskigazeteci.com\/index.php?rest_route=\/wp\/v2\/types\/post"}],"author":[{"embeddable":true,"href":"https:\/\/eskigazeteci.com\/index.php?rest_route=\/wp\/v2\/users\/2"}],"replies":[{"embeddable":true,"href":"https:\/\/eskigazeteci.com\/index.php?rest_route=%2Fwp%2Fv2%2Fcomments&post=30308"}],"version-history":[{"count":0,"href":"https:\/\/eskigazeteci.com\/index.php?rest_route=\/wp\/v2\/posts\/30308\/revisions"}],"wp:featuredmedia":[{"embeddable":true,"href":"https:\/\/eskigazeteci.com\/index.php?rest_route=\/wp\/v2\/media\/30307"}],"wp:attachment":[{"href":"https:\/\/eskigazeteci.com\/index.php?rest_route=%2Fwp%2Fv2%2Fmedia&parent=30308"}],"wp:term":[{"taxonomy":"category","embeddable":true,"href":"https:\/\/eskigazeteci.com\/index.php?rest_route=%2Fwp%2Fv2%2Fcategories&post=30308"},{"taxonomy":"post_tag","embeddable":true,"href":"https:\/\/eskigazeteci.com\/index.php?rest_route=%2Fwp%2Fv2%2Ftags&post=30308"}],"curies":[{"name":"wp","href":"https:\/\/api.w.org\/{rel}","templated":true}]}}