{"id":30306,"date":"2026-04-29T04:56:33","date_gmt":"2026-04-29T04:56:33","guid":{"rendered":"https:\/\/eskigazeteci.com\/?p=30306"},"modified":"2026-04-29T04:56:33","modified_gmt":"2026-04-29T04:56:33","slug":"fenerbahce-ve-galatasaray-icin-itiraf-gibi-sozler-yeni-fenerbahceye-ihtiyac-var-en-masum-tedesco-kurban-sectiler","status":"publish","type":"post","link":"https:\/\/eskigazeteci.com\/?p=30306","title":{"rendered":"Fenerbah\u00e7e ve Galatasaray i\u00e7in itiraf gibi s\u00f6zler: Yeni Fenerbah\u00e7e&#8217;ye ihtiya\u00e7 var! En masum Tedesco, kurban se\u00e7tiler"},"content":{"rendered":"<p>H\u00fcrriyet yazarlar\u0131 G\u00fcntekin Onay, Mehmet Arslan, F\u0131rat Ayd\u0131nus ve U\u011fur Meleke, Futbol Konseyi&#x27;nde bu hafta ya\u015fananlar\u0131 masaya yat\u0131rd\u0131.<\/p>\n<p>1-) S\u00fcper derbinin kazanan\u0131 Galatasaray oldu. Derbide Galatasaray\u2019\u0131n performans\u0131n\u0131 nas\u0131l buldunuz? Neydi bu fark\u0131 yaratan fakt\u00f6rler?<\/p>\n<p>FIRAT AYDINUS: \u015eU ANKi TABLODA \u2018\u015eAMPi&#8230;\u2019DEN FAZLASI<\/p>\n<p>Galatasaray , Fenerbah\u00e7e derbisinde oyunu do\u011fru anlarda do\u011fru \u015fekilde oynayarak galibiyet elde etti. Bu t\u00fcr ma\u00e7larda fark\u0131 \u00e7o\u011fu zaman \u201cKim daha iyi oynad\u0131?\u201d de\u011fil, \u201cKim kritik anlar\u0131 daha iyi y\u00f6netti?\u201d sorular\u0131n\u0131n cevaplar\u0131 belirler. Galatasaray burada net \u015fekilde \u00f6ndeydi. Hem tak\u0131m olarak hem de bireysel performanslarda fark yaratt\u0131. Psikolojik \u00fcst\u00fcnl\u00fck \u00e7ok netti. \u015eu anki puan tablosu ve kalan haftalar baz al\u0131nd\u0131\u011f\u0131nda durum \u201c\u015fampi&#8230;\u201d den fazlas\u0131.<\/p>\n<p>G\u00dcNTEK\u0130N ONAY: SANCHEZ DI\u015eINDA T\u00dcM OYUNCULAR iYiYD\u0130<\/p>\n<p>Galatasaray gerek mental gerekse de fiziksel olarak Fenerbah\u00e7e\u2019den daha iyi durumdayd\u0131. Buna oyuncu kalitesi, Osimhen fakt\u00f6r\u00fc ve i\u00e7 saha avantaj\u0131n\u0131 da ekleyince sonu\u00e7 do\u011fal olarak ka\u00e7\u0131n\u0131lmaz oldu. Fenerbah\u00e7e kar\u015f\u0131s\u0131nda ilk 15 dakika biraz bocalayan Galatasaray, ondan sonraki her dakika sahan\u0131n hakimiydi. Beraberlik Galatasaray\u2019a yar\u0131yor olmas\u0131na ra\u011fmen Okan Buruk\u2019un&#8230;<\/p>\n","protected":false},"excerpt":{"rendered":"<p>H\u00fcrriyet yazarlar\u0131 F\u0131rat Ayd\u0131nus, U\u011fur Meleke, G\u00fcntekin Onay ve Mehmet Arslan, Futbol Konseyi&#8217;nde Galatasaray&#8217;\u0131n derbi galibiyetini, Fenerbah\u00e7e&#8217;de Tedesco&#8230;<\/p>\n","protected":false},"author":2,"featured_media":30305,"comment_status":"open","ping_status":"open","sticky":false,"template":"","format":"standard","meta":{"footnotes":""},"categories":[8,5,7],"tags":[],"class_list":["post-30306","post","type-post","status-publish","format-standard","has-post-thumbnail","hentry","category-arsiv","category-son-dakika","category-spor"],"_links":{"self":[{"href":"https:\/\/eskigazeteci.com\/index.php?rest_route=\/wp\/v2\/posts\/30306","targetHints":{"allow":["GET"]}}],"collection":[{"href":"https:\/\/eskigazeteci.com\/index.php?rest_route=\/wp\/v2\/posts"}],"about":[{"href":"https:\/\/eskigazeteci.com\/index.php?rest_route=\/wp\/v2\/types\/post"}],"author":[{"embeddable":true,"href":"https:\/\/eskigazeteci.com\/index.php?rest_route=\/wp\/v2\/users\/2"}],"replies":[{"embeddable":true,"href":"https:\/\/eskigazeteci.com\/index.php?rest_route=%2Fwp%2Fv2%2Fcomments&post=30306"}],"version-history":[{"count":0,"href":"https:\/\/eskigazeteci.com\/index.php?rest_route=\/wp\/v2\/posts\/30306\/revisions"}],"wp:featuredmedia":[{"embeddable":true,"href":"https:\/\/eskigazeteci.com\/index.php?rest_route=\/wp\/v2\/media\/30305"}],"wp:attachment":[{"href":"https:\/\/eskigazeteci.com\/index.php?rest_route=%2Fwp%2Fv2%2Fmedia&parent=30306"}],"wp:term":[{"taxonomy":"category","embeddable":true,"href":"https:\/\/eskigazeteci.com\/index.php?rest_route=%2Fwp%2Fv2%2Fcategories&post=30306"},{"taxonomy":"post_tag","embeddable":true,"href":"https:\/\/eskigazeteci.com\/index.php?rest_route=%2Fwp%2Fv2%2Ftags&post=30306"}],"curies":[{"name":"wp","href":"https:\/\/api.w.org\/{rel}","templated":true}]}}