{"id":30302,"date":"2026-04-29T04:53:30","date_gmt":"2026-04-29T04:53:30","guid":{"rendered":"https:\/\/eskigazeteci.com\/?p=30302"},"modified":"2026-04-29T04:53:30","modified_gmt":"2026-04-29T04:53:30","slug":"karsinizda-20-yasindaki-ben","status":"publish","type":"post","link":"https:\/\/eskigazeteci.com\/?p=30302","title":{"rendered":"&#8216;Kar\u015f\u0131n\u0131zda 20 ya\u015f\u0131ndaki ben!&#8217;"},"content":{"rendered":"<p>Art arda yapt\u0131\u011f\u0131 hit \u015fark\u0131larla bir d\u00f6neme damga vurmay\u0131 ba\u015faran \u00fcnl\u00fc \u015fark\u0131c\u0131y\u0131 tan\u0131d\u0131n\u0131z m\u0131?<\/p>\n<p>Foto\u011fraf\u0131n sahibi \u015fuanda 65 ya\u015f\u0131nda olan ve kariyerinde neredeyse yar\u0131m as\u0131r\u0131 geride b\u0131rakan Hakan Peker! \u00dcnl\u00fc \u015fark\u0131c\u0131 eni\u015fteleri ve day\u0131s\u0131 ile yuer ald\u0131\u011f\u0131 kareyi &quot;20 ya\u015f\u0131nday\u0131m&quot; notu ile payla\u015ft\u0131.<\/p>\n<p>Bug\u00fcn\u00fcn magazin \u00fcnl\u00fclerinin ge\u00e7mi\u015fte nas\u0131l g\u00f6r\u00fcnd\u00fc\u011f\u00fcn\u00fc biliyor musunuz. Peki ya daha onlar ortada yokken magazin sayfalar\u0131na kimlerin konuk oldu\u011funu. \u015eimdi Hafta Sonu dergisi , H\u00fcrriyet ar\u015fivi ve Instagram&#x27;dan derledi\u011fimiz foto\u011fraflar e\u015fli\u011finde nostaljik bir yolculu\u011fa \u00e7\u0131kal\u0131m.<\/p>\n<p>Oyuncu Kanbolat G\u00f6rkem Arslan 11 \u015eubat&#x27;ta ge\u00e7irdi\u011fi kalp krizinin ard\u0131ndan hayat\u0131n\u0131 kaybetti. Arslan&#x27;\u0131n vefat\u0131 dostlar\u0131n\u0131 yasa bo\u011fdu.<\/p>\n<p>\u00dcnl\u00fc oyuncu ile Ankara Devlet Konservatuar\u0131&#x27;ndan yol arkada\u015f\u0131 olan Deniz \u00c7ak\u0131r, Selen \u00d6zt\u00fcrk, Sayg\u0131n Soysal, Mehmet Ali Nuro\u011flu sosyal medyada payla\u015ft\u0131klar\u0131 foto\u011fraflarla eski dostlar\u0131na veda ettiler.<\/p>\n<p>Deniz \u00c7ak\u0131r 23 y\u0131l \u00f6nce \u00e7ekilen bu kareyi, Kanolat G\u00f6rkem Arslan&#x27;\u0131n hayran\u0131 oldu\u011fu Yeni T\u00fcrk\u00fc&#x27;n\u00fcn &#x27;Sonbahar&#x27; \u015fark\u0131s\u0131 ile payla\u015ft\u0131.<\/p>\n<p>\u00c7ak\u0131r, d\u00fc\u011f\u00fcn\u00fcnde \u00e7akilen bu kareye ise &#x27;Sen \u00f6lemezsin&#x27; notunu d\u00fc\u015ft\u00fc.<\/p>\n<p>Babas\u0131n\u0131n kuca\u011f\u0131nda onu hen\u00fcz 16 ya\u015f\u0131ndayken kaybedece\u011finden habersiz bir \u015fekilde poz&#8230;<\/p>\n","protected":false},"excerpt":{"rendered":"<p>\u00dcnl\u00fc \u015fark\u0131c\u0131 y\u0131llar \u00f6nce \u00e7ekilen foto\u011fraf\u0131 sosyal medya hesab\u0131nda payla\u015ft\u0131.<\/p>\n","protected":false},"author":2,"featured_media":30301,"comment_status":"open","ping_status":"open","sticky":false,"template":"","format":"standard","meta":{"footnotes":""},"categories":[8,6,5],"tags":[],"class_list":["post-30302","post","type-post","status-publish","format-standard","has-post-thumbnail","hentry","category-arsiv","category-gundem","category-son-dakika"],"_links":{"self":[{"href":"https:\/\/eskigazeteci.com\/index.php?rest_route=\/wp\/v2\/posts\/30302","targetHints":{"allow":["GET"]}}],"collection":[{"href":"https:\/\/eskigazeteci.com\/index.php?rest_route=\/wp\/v2\/posts"}],"about":[{"href":"https:\/\/eskigazeteci.com\/index.php?rest_route=\/wp\/v2\/types\/post"}],"author":[{"embeddable":true,"href":"https:\/\/eskigazeteci.com\/index.php?rest_route=\/wp\/v2\/users\/2"}],"replies":[{"embeddable":true,"href":"https:\/\/eskigazeteci.com\/index.php?rest_route=%2Fwp%2Fv2%2Fcomments&post=30302"}],"version-history":[{"count":0,"href":"https:\/\/eskigazeteci.com\/index.php?rest_route=\/wp\/v2\/posts\/30302\/revisions"}],"wp:featuredmedia":[{"embeddable":true,"href":"https:\/\/eskigazeteci.com\/index.php?rest_route=\/wp\/v2\/media\/30301"}],"wp:attachment":[{"href":"https:\/\/eskigazeteci.com\/index.php?rest_route=%2Fwp%2Fv2%2Fmedia&parent=30302"}],"wp:term":[{"taxonomy":"category","embeddable":true,"href":"https:\/\/eskigazeteci.com\/index.php?rest_route=%2Fwp%2Fv2%2Fcategories&post=30302"},{"taxonomy":"post_tag","embeddable":true,"href":"https:\/\/eskigazeteci.com\/index.php?rest_route=%2Fwp%2Fv2%2Ftags&post=30302"}],"curies":[{"name":"wp","href":"https:\/\/api.w.org\/{rel}","templated":true}]}}