{"id":30230,"date":"2026-04-29T02:46:02","date_gmt":"2026-04-29T02:46:02","guid":{"rendered":"https:\/\/eskigazeteci.com\/?p=30230"},"modified":"2026-04-29T02:46:02","modified_gmt":"2026-04-29T02:46:02","slug":"abd-250-kurulus-yildonumunde-trump-fotografli-pasaportlar-basacak","status":"publish","type":"post","link":"https:\/\/eskigazeteci.com\/?p=30230","title":{"rendered":"ABD, 250. kurulu\u015f y\u0131ld\u00f6n\u00fcm\u00fcnde Trump foto\u011frafl\u0131 pasaportlar basacak"},"content":{"rendered":"<p>ABD y\u00f6netimi, \u00fclkenin 250. kurulu\u015f y\u0131l d\u00f6n\u00fcm\u00fc vesilesiyle s\u0131n\u0131rl\u0131 say\u0131da \u00f6zel pasaport basma karar\u0131 ald\u0131. ABD bas\u0131n\u0131nda yer alan haberlere g\u00f6re; \u00f6zel pasaportta ABD Ba\u011f\u0131ms\u0131zl\u0131k Bildirgesi ile Ba\u015fkan Donald Trump \u2019\u0131n foto\u011fraf\u0131 ve imzas\u0131n\u0131n yan\u0131 s\u0131ra, \u00fclkenin kurucu babalar\u0131n\u0131n Ba\u011f\u0131ms\u0131zl\u0131k Bildirgesi&#x27;ni imzalarken resmedildi\u011fi bir g\u00f6rselin yer alaca\u011f\u0131 bildirildi.<\/p>\n<p>Temmuz ay\u0131nda yap\u0131lacak ABD\u2019nin 250. kurulu\u015f y\u0131l d\u00f6n\u00fcm\u00fc kutlamalar\u0131 s\u0131ras\u0131nda kullan\u0131ma sunulmas\u0131 planlanan \u00f6zel pasaportun, stoklar el verdi\u011fi s\u00fcrece her ABD vatanda\u015f\u0131 i\u00e7in eri\u015filebilir olaca\u011f\u0131 ancak yaln\u0131zca Washington Pasaport Ajans\u0131&#x27;ndan (Washington Passport Agency) temin edilebilece\u011fi aktar\u0131ld\u0131. ABD D\u0131\u015fi\u015fleri Bakanl\u0131\u011f\u0131 S\u00f6zc\u00fcs\u00fc Tommy Pigott, konuyla ilgili yapt\u0131\u011f\u0131 a\u00e7\u0131klamada, &quot;ABD Temmuz ay\u0131nda 250. kurulu\u015f y\u0131l d\u00f6n\u00fcm\u00fcn\u00fc kutlamaya haz\u0131rlan\u0131rken, ABD D\u0131\u015fi\u015fleri Bakanl\u0131\u011f\u0131 da bu tarihi an\u0131 ta\u00e7land\u0131rmak ad\u0131na s\u0131n\u0131rl\u0131 say\u0131da \u00f6zel tasar\u0131m ABD pasaportunu kullan\u0131ma sunmaya haz\u0131rlan\u0131yor&quot; ifadelerini kulland\u0131.<\/p>\n<p>Pigott, \u00f6zel tasar\u0131m pasaportun &quot; ABD pasaportunu d\u00fcnyan\u0131n en g\u00fcvenli belgelerinden biri yapan standart g\u00fcvenlik \u00f6zelliklerini ayn\u0131 \u015fekilde bar\u0131nd\u0131raca\u011f\u0131n\u0131&quot; s\u00f6yledi.<\/p>\n<p>Yurtd\u0131\u015f\u0131nda ya\u015fanan en son olaylar, d\u00fcnya g\u00fcndemine&#8230;<\/p>\n","protected":false},"excerpt":{"rendered":"<p>ABD D\u0131\u015fi\u015fleri Bakanl\u0131\u011f\u0131\u2019n\u0131n \u00fclkenin 250. kurulu\u015f y\u0131l d\u00f6n\u00fcm\u00fc vesilesiyle \u00fczerinde Ba\u015fkan Donald Trump\u2019\u0131n foto\u011fraf\u0131n\u0131n da bulundu\u011fu s\u0131n\u0131rl\u0131 say\u0131da \u00f6zel&#8230;<\/p>\n","protected":false},"author":2,"featured_media":30229,"comment_status":"open","ping_status":"open","sticky":false,"template":"","format":"standard","meta":{"footnotes":""},"categories":[8,6,5],"tags":[],"class_list":["post-30230","post","type-post","status-publish","format-standard","has-post-thumbnail","hentry","category-arsiv","category-gundem","category-son-dakika"],"_links":{"self":[{"href":"https:\/\/eskigazeteci.com\/index.php?rest_route=\/wp\/v2\/posts\/30230","targetHints":{"allow":["GET"]}}],"collection":[{"href":"https:\/\/eskigazeteci.com\/index.php?rest_route=\/wp\/v2\/posts"}],"about":[{"href":"https:\/\/eskigazeteci.com\/index.php?rest_route=\/wp\/v2\/types\/post"}],"author":[{"embeddable":true,"href":"https:\/\/eskigazeteci.com\/index.php?rest_route=\/wp\/v2\/users\/2"}],"replies":[{"embeddable":true,"href":"https:\/\/eskigazeteci.com\/index.php?rest_route=%2Fwp%2Fv2%2Fcomments&post=30230"}],"version-history":[{"count":0,"href":"https:\/\/eskigazeteci.com\/index.php?rest_route=\/wp\/v2\/posts\/30230\/revisions"}],"wp:featuredmedia":[{"embeddable":true,"href":"https:\/\/eskigazeteci.com\/index.php?rest_route=\/wp\/v2\/media\/30229"}],"wp:attachment":[{"href":"https:\/\/eskigazeteci.com\/index.php?rest_route=%2Fwp%2Fv2%2Fmedia&parent=30230"}],"wp:term":[{"taxonomy":"category","embeddable":true,"href":"https:\/\/eskigazeteci.com\/index.php?rest_route=%2Fwp%2Fv2%2Fcategories&post=30230"},{"taxonomy":"post_tag","embeddable":true,"href":"https:\/\/eskigazeteci.com\/index.php?rest_route=%2Fwp%2Fv2%2Ftags&post=30230"}],"curies":[{"name":"wp","href":"https:\/\/api.w.org\/{rel}","templated":true}]}}