{"id":30228,"date":"2026-04-29T00:17:33","date_gmt":"2026-04-29T00:17:33","guid":{"rendered":"https:\/\/eskigazeteci.com\/?p=30228"},"modified":"2026-04-29T00:17:33","modified_gmt":"2026-04-29T00:17:33","slug":"izmirde-evde-cikan-yanginda-baba-oldu-oglu-entube-edildi","status":"publish","type":"post","link":"https:\/\/eskigazeteci.com\/?p=30228","title":{"rendered":"\u0130zmir\u2019de evde \u00e7\u0131kan yang\u0131nda baba \u00f6ld\u00fc, o\u011flu ent\u00fcbe edildi"},"content":{"rendered":"<p>Yang\u0131n , saat 00.30 s\u0131ralar\u0131nda K\u0131z\u0131lay Mahallesi 513 Sokak\u2019ta bulunan 3 katl\u0131 bir apartman\u0131n en \u00fcst kat\u0131nda \u00e7\u0131kt\u0131. Hasan Girgin ve diyaliz hastas\u0131 o\u011flu U\u011fur Girgin\u2019\u0131n ya\u015fad\u0131\u011f\u0131 son kattaki daireden alevlerin y\u00fckseldi\u011fini g\u00f6ren vatanda\u015flar, durumu 112 Acil \u00c7a\u011fr\u0131 Merkezine bildirdi. \u0130hbar \u00fczerine adrese gelen itfaiye ekiplerinin m\u00fcdahalesiyle yang\u0131n s\u00f6nd\u00fcrd\u00fc.<\/p>\n<p>Ekipler taraf\u0131ndan daire i\u00e7erisinde yap\u0131lan incelemelerde Hasan Girgin\u2019in ya\u015fam\u0131n\u0131 yitirdi\u011fi belirlendi. Durumu a\u011f\u0131r olan diyaliz hastas\u0131 engelli o\u011flu U\u011fur Girgin ise ambulansa Ege \u00dcniteversitesi T\u0131p Fak\u00fcltesi Hastanesine kald\u0131r\u0131ld\u0131. Durumu a\u011f\u0131\u011fr olan U\u011fur Girgin\u2019in ent\u00fcbe edildi\u011fi \u00f6\u011frenildi.<\/p>\n<p>Yanan evde olay Yeri \u0130nceleme ekipleri ve savc\u0131n\u0131n incelemelerinin ard\u0131ndan Hasan Girgin\u2019in cenazesi \u0130zmir Adli T\u0131p Kurumu morguna kald\u0131r\u0131ld\u0131. Elektrik konta\u011f\u0131ndan \u00e7\u0131kt\u0131\u011f\u0131 de\u011ferlendirilen yang\u0131nla ilgili soru\u015fturma ba\u015flat\u0131ld\u0131.<\/p>\n<p>T\u00fcrkiye g\u00fcndeminden son dakika haberleri, bug\u00fcn ya\u015fanan en son geli\u015fmeler, siyaset g\u00fcndeminden g\u00fcncel haberler ve b\u00fct\u00fcn son dakika haberleri i\u00e7in H\u00fcrriyet&#x27;in internet haber sitesi hurriyet.com.tr; Hurriyet.com.tr haber i\u00e7erikleri kaynak g\u00f6sterilmeden al\u0131nt\u0131 yap\u0131lamaz, Kanuna ayk\u0131r\u0131 ve izinsiz olarak kopyalanamaz,&#8230;<\/p>\n","protected":false},"excerpt":{"rendered":"<p>\u0130zmir\u2019in Bornova il\u00e7esinde bir evde \u00e7\u0131kan yang\u0131nda baba Hasan Girgin (71) hayat\u0131n\u0131 kaybetti, diyaliz hastas\u0131 engelli o\u011flu U\u011fur Girgin (47) ise a\u011f\u0131r yaral\u0131&#8230;<\/p>\n","protected":false},"author":2,"featured_media":30227,"comment_status":"open","ping_status":"open","sticky":false,"template":"","format":"standard","meta":{"footnotes":""},"categories":[8,6,5],"tags":[],"class_list":["post-30228","post","type-post","status-publish","format-standard","has-post-thumbnail","hentry","category-arsiv","category-gundem","category-son-dakika"],"_links":{"self":[{"href":"https:\/\/eskigazeteci.com\/index.php?rest_route=\/wp\/v2\/posts\/30228","targetHints":{"allow":["GET"]}}],"collection":[{"href":"https:\/\/eskigazeteci.com\/index.php?rest_route=\/wp\/v2\/posts"}],"about":[{"href":"https:\/\/eskigazeteci.com\/index.php?rest_route=\/wp\/v2\/types\/post"}],"author":[{"embeddable":true,"href":"https:\/\/eskigazeteci.com\/index.php?rest_route=\/wp\/v2\/users\/2"}],"replies":[{"embeddable":true,"href":"https:\/\/eskigazeteci.com\/index.php?rest_route=%2Fwp%2Fv2%2Fcomments&post=30228"}],"version-history":[{"count":0,"href":"https:\/\/eskigazeteci.com\/index.php?rest_route=\/wp\/v2\/posts\/30228\/revisions"}],"wp:featuredmedia":[{"embeddable":true,"href":"https:\/\/eskigazeteci.com\/index.php?rest_route=\/wp\/v2\/media\/30227"}],"wp:attachment":[{"href":"https:\/\/eskigazeteci.com\/index.php?rest_route=%2Fwp%2Fv2%2Fmedia&parent=30228"}],"wp:term":[{"taxonomy":"category","embeddable":true,"href":"https:\/\/eskigazeteci.com\/index.php?rest_route=%2Fwp%2Fv2%2Fcategories&post=30228"},{"taxonomy":"post_tag","embeddable":true,"href":"https:\/\/eskigazeteci.com\/index.php?rest_route=%2Fwp%2Fv2%2Ftags&post=30228"}],"curies":[{"name":"wp","href":"https:\/\/api.w.org\/{rel}","templated":true}]}}