{"id":30226,"date":"2026-04-29T00:16:00","date_gmt":"2026-04-29T00:16:00","guid":{"rendered":"https:\/\/eskigazeteci.com\/?p=30226"},"modified":"2026-04-29T00:16:00","modified_gmt":"2026-04-29T00:16:00","slug":"abdnin-kiev-buyukelci-vekili-julie-davisten-istifa-karari","status":"publish","type":"post","link":"https:\/\/eskigazeteci.com\/?p=30226","title":{"rendered":"ABD&#8217;nin Kiev B\u00fcy\u00fckel\u00e7i Vekili Julie Davis\u2019ten istifa karar\u0131"},"content":{"rendered":"<p>ABD D\u0131\u015fi\u015fleri Bakanl\u0131\u011f\u0131\u2019nda istifa depremi ya\u015fand\u0131. \u0130ngiltere merkezli Financial Times gazetesinde yer alan habere g\u00f6re; ABD&#x27;nin Kiev B\u00fcy\u00fckel\u00e7i Vekili Julie Davis g\u00f6revinden istifa ederek emekliye ayr\u0131lma karar\u0131 ald\u0131. Karar\u0131n nedeninin ABD Ba\u015fkan\u0131 Donald Trump\u2019la ya\u015fanan g\u00f6r\u00fc\u015f ayr\u0131l\u0131klar\u0131 ve Washington\u2019un Rusya kar\u015f\u0131s\u0131nda Ukrayna\u2019ya verdi\u011fi deste\u011fin azalmas\u0131 oldu\u011fu \u00f6ne s\u00fcr\u00fcld\u00fc.<\/p>\n<p>ABD D\u0131\u015fi\u015fleri Bakanl\u0131\u011f\u0131 S\u00f6zc\u00fcs\u00fc Tommy Pigott ise, istifa iddialar\u0131n\u0131 do\u011frulad\u0131. Buna ra\u011fmen istifan\u0131n nedenine dair haberlerin ger\u00e7e\u011fi yans\u0131tmad\u0131\u011f\u0131n\u0131 kaydeden Pigott, &quot;B\u00fcy\u00fckel\u00e7i Davis&#x27;in &#x27;Donald Trump ile ya\u015fad\u0131\u011f\u0131 g\u00f6r\u00fc\u015f ayr\u0131l\u0131klar\u0131 nedeniyle&#x27; istifa etti\u011fi iddias\u0131 yanl\u0131\u015ft\u0131r. B\u00fcy\u00fckel\u00e7i Davis, Trump y\u00f6netiminin Rusya ve Ukrayna aras\u0131nda kal\u0131c\u0131 bir bar\u0131\u015f sa\u011flamaya y\u00f6nelik \u00e7abalar\u0131n\u0131n y\u0131lmaz bir savunucusu olmu\u015ftur. Kendisi, Haziran 2026&#x27;da Kiev&#x27;den resmen ayr\u0131l\u0131p ABD D\u0131\u015fi\u015fleri Bakanl\u0131\u011f\u0131\u2019ndan emekli olana kadar Ba\u015fkan Trump&#x27;\u0131n politikalar\u0131n\u0131 gururla uygulamaya devam edecektir&quot; ifadelerini kulland\u0131.<\/p>\n<p>SELEF\u0130 DE \u0130ST\u0130FA ETM\u0130\u015eT\u0130<\/p>\n<p>30 y\u0131l\u0131 a\u015fk\u0131n bir deneyime sahip olan tecr\u00fcbeli diplomat Julie Davis , selefi Bridget Brink&#x27;in Trump&#x27;\u0131n Ukrayna politikalar\u0131na itiraz\u0131 nedeniyle istifa etmesinin ard\u0131ndan, May\u0131s 2025&#x27;te&#8230;<\/p>\n","protected":false},"excerpt":{"rendered":"<p>ABD&#8217;nin Kiev B\u00fcy\u00fckel\u00e7i Vekili Julie Davis\u2019in Haziran 2026\u2019da g\u00f6revinden istifa ederek emekliye ayr\u0131lma karar\u0131 ald\u0131\u011f\u0131 bildirildi. Karar\u0131n nedeninin ABD&#8230;<\/p>\n","protected":false},"author":2,"featured_media":30225,"comment_status":"open","ping_status":"open","sticky":false,"template":"","format":"standard","meta":{"footnotes":""},"categories":[8,6,5],"tags":[],"class_list":["post-30226","post","type-post","status-publish","format-standard","has-post-thumbnail","hentry","category-arsiv","category-gundem","category-son-dakika"],"_links":{"self":[{"href":"https:\/\/eskigazeteci.com\/index.php?rest_route=\/wp\/v2\/posts\/30226","targetHints":{"allow":["GET"]}}],"collection":[{"href":"https:\/\/eskigazeteci.com\/index.php?rest_route=\/wp\/v2\/posts"}],"about":[{"href":"https:\/\/eskigazeteci.com\/index.php?rest_route=\/wp\/v2\/types\/post"}],"author":[{"embeddable":true,"href":"https:\/\/eskigazeteci.com\/index.php?rest_route=\/wp\/v2\/users\/2"}],"replies":[{"embeddable":true,"href":"https:\/\/eskigazeteci.com\/index.php?rest_route=%2Fwp%2Fv2%2Fcomments&post=30226"}],"version-history":[{"count":0,"href":"https:\/\/eskigazeteci.com\/index.php?rest_route=\/wp\/v2\/posts\/30226\/revisions"}],"wp:featuredmedia":[{"embeddable":true,"href":"https:\/\/eskigazeteci.com\/index.php?rest_route=\/wp\/v2\/media\/30225"}],"wp:attachment":[{"href":"https:\/\/eskigazeteci.com\/index.php?rest_route=%2Fwp%2Fv2%2Fmedia&parent=30226"}],"wp:term":[{"taxonomy":"category","embeddable":true,"href":"https:\/\/eskigazeteci.com\/index.php?rest_route=%2Fwp%2Fv2%2Fcategories&post=30226"},{"taxonomy":"post_tag","embeddable":true,"href":"https:\/\/eskigazeteci.com\/index.php?rest_route=%2Fwp%2Fv2%2Ftags&post=30226"}],"curies":[{"name":"wp","href":"https:\/\/api.w.org\/{rel}","templated":true}]}}