{"id":30222,"date":"2026-04-28T22:51:10","date_gmt":"2026-04-28T22:51:10","guid":{"rendered":"https:\/\/eskigazeteci.com\/?p=30222"},"modified":"2026-04-28T22:51:10","modified_gmt":"2026-04-28T22:51:10","slug":"turkiyenin-bm-daimi-temsilcisi-yildizdan-gazze-ve-bati-seria-icin-hesap-verilebilirlik-cagrisi","status":"publish","type":"post","link":"https:\/\/eskigazeteci.com\/?p=30222","title":{"rendered":"T\u00fcrkiye&#8217;nin BM Daimi Temsilcisi Y\u0131ld\u0131z&#8217;dan, Gazze ve Bat\u0131 \u015eeria i\u00e7in hesap verilebilirlik \u00e7a\u011fr\u0131s\u0131"},"content":{"rendered":"<p>T\u00fcrkiye&#x27;nin Birle\u015fmi\u015f Milletler (BM) Daimi Temsilcisi B\u00fcy\u00fckel\u00e7i Ahmet Y\u0131ld\u0131z , Birle\u015fmi\u015f Milletler G\u00fcvenlik Konseyi&#x27;nde (BMGK) &quot; Filistin Sorunu Dahil Orta Do\u011fu&#x27;daki Durum&quot; ba\u015fl\u0131kl\u0131 toplant\u0131da konu\u015ftu.<\/p>\n<p>Konseyde \u00f6nce \u0130slam \u0130\u015fbirli\u011fi Te\u015fkilat\u0131 (\u0130\u0130T) New York Grubu D\u00f6nem Ba\u015fkan\u0131 s\u0131fat\u0131yla hitap eden Y\u0131ld\u0131z, Gazze\u2019deki ate\u015fkesi memnuniyetle kar\u015f\u0131lad\u0131klar\u0131n\u0131, ancak &quot;Gazze&#x27;de ve i\u015fgal alt\u0131ndaki Filistin topraklar\u0131n\u0131n di\u011fer b\u00f6lgelerinde durumun vahim olmaya ve Filistin halk\u0131n\u0131n \u0130srail&#x27;in yasa d\u0131\u015f\u0131 i\u015fgali alt\u0131nda say\u0131s\u0131z zorluk ve trajedi ya\u015famaya devam etti\u011fini&quot; vurgulad\u0131.<\/p>\n<p>Y\u0131ld\u0131z, \u0130srail&#x27;in Filistin topraklar\u0131 genelinde &quot;yeni s\u00f6m\u00fcrge yerle\u015fimlerini geli\u015ftirme&quot; y\u00f6n\u00fcndeki son karar\u0131na ek olarak, sivil n\u00fcfus ile okul ve ibadet yerleri dahil altyap\u0131ya y\u00f6nelik \u015fiddetli sald\u0131r\u0131lar\u0131n\u0131n yo\u011fun bir \u015fekilde s\u00fcrd\u00fc\u011f\u00fcn\u00fcn alt\u0131n\u0131 \u00e7izdi.<\/p>\n<p>&quot;\u0130srail i\u015fgal g\u00fcc\u00fcn\u00fcn sald\u0131r\u0131lar\u0131n\u0131n aral\u0131ks\u0131z devam etmesi \u00fcz\u00fcc\u00fcd\u00fcr.&quot; diyen Y\u0131ld\u0131z, 7 Ekim 2023&#x27;ten bu yana kaydedilen \u00f6l\u00fc say\u0131s\u0131n\u0131n 73 bin 500&#x27;\u00fc a\u015ft\u0131\u011f\u0131n\u0131 ve 182 bin 200&#x27;\u00fc a\u015fk\u0131n Filistinlinin de yaraland\u0131\u011f\u0131na dikkati \u00e7ekti.<\/p>\n<p>Y\u0131ld\u0131z, &quot;Gazze&#x27;de \u00e7o\u011funlukla m\u00fclteci ve yerinden edilmi\u015f sivillere kar\u015f\u0131 i\u015flenen bu eylemler ve Bat\u0131 \u015eeria&#x27;daki yerle\u015fimcilerin \u015fiddeti,&#8230;<\/p>\n","protected":false},"excerpt":{"rendered":"<p>T\u00fcrkiye&#8217;nin Birle\u015fmi\u015f Milletler (BM) Daimi Temsilcisi B\u00fcy\u00fckel\u00e7i Ahmet Y\u0131ld\u0131z, Gazze ve i\u015fgal alt\u0131ndaki Bat\u0131 \u015eeria&#8217;da durumun vahim oldu\u011funu belirterek, hesap&#8230;<\/p>\n","protected":false},"author":2,"featured_media":30221,"comment_status":"open","ping_status":"open","sticky":false,"template":"","format":"standard","meta":{"footnotes":""},"categories":[8,6,5],"tags":[],"class_list":["post-30222","post","type-post","status-publish","format-standard","has-post-thumbnail","hentry","category-arsiv","category-gundem","category-son-dakika"],"_links":{"self":[{"href":"https:\/\/eskigazeteci.com\/index.php?rest_route=\/wp\/v2\/posts\/30222","targetHints":{"allow":["GET"]}}],"collection":[{"href":"https:\/\/eskigazeteci.com\/index.php?rest_route=\/wp\/v2\/posts"}],"about":[{"href":"https:\/\/eskigazeteci.com\/index.php?rest_route=\/wp\/v2\/types\/post"}],"author":[{"embeddable":true,"href":"https:\/\/eskigazeteci.com\/index.php?rest_route=\/wp\/v2\/users\/2"}],"replies":[{"embeddable":true,"href":"https:\/\/eskigazeteci.com\/index.php?rest_route=%2Fwp%2Fv2%2Fcomments&post=30222"}],"version-history":[{"count":0,"href":"https:\/\/eskigazeteci.com\/index.php?rest_route=\/wp\/v2\/posts\/30222\/revisions"}],"wp:featuredmedia":[{"embeddable":true,"href":"https:\/\/eskigazeteci.com\/index.php?rest_route=\/wp\/v2\/media\/30221"}],"wp:attachment":[{"href":"https:\/\/eskigazeteci.com\/index.php?rest_route=%2Fwp%2Fv2%2Fmedia&parent=30222"}],"wp:term":[{"taxonomy":"category","embeddable":true,"href":"https:\/\/eskigazeteci.com\/index.php?rest_route=%2Fwp%2Fv2%2Fcategories&post=30222"},{"taxonomy":"post_tag","embeddable":true,"href":"https:\/\/eskigazeteci.com\/index.php?rest_route=%2Fwp%2Fv2%2Ftags&post=30222"}],"curies":[{"name":"wp","href":"https:\/\/api.w.org\/{rel}","templated":true}]}}