{"id":30216,"date":"2026-04-28T22:47:28","date_gmt":"2026-04-28T22:47:28","guid":{"rendered":"https:\/\/eskigazeteci.com\/?p=30216"},"modified":"2026-04-28T22:47:28","modified_gmt":"2026-04-28T22:47:28","slug":"beykozda-servis-minibusu-ile-otomobil-carpisti-1i-agir-11-yarali","status":"publish","type":"post","link":"https:\/\/eskigazeteci.com\/?p=30216","title":{"rendered":"Beykoz\u2019da servis minib\u00fcs\u00fc ile otomobil \u00e7arp\u0131\u015ft\u0131: 1\u2019i a\u011f\u0131r 11 yaral\u0131"},"content":{"rendered":"<p>Kaza, saat 23.00 s\u0131ralar\u0131nda Merkez Mahallesi Akbaba Yolu \u00fczerinde meydana geldi. S\u00fcr\u00fcc\u00fcleri \u00f6\u011frenilemeyen 34 LZH 129 plakal\u0131 servis minib\u00fcs\u00fc ile 34 NSB 136 plakal\u0131 otomobil bilinmeyen bir nedenle \u00e7arp\u0131\u015ft\u0131. \u00c7arp\u0131\u015fman\u0131n etkisiyle otomobil s\u00fcr\u00fcc\u00fcs\u00fc ara\u00e7 i\u00e7erisinde s\u0131k\u0131\u015ft\u0131.<\/p>\n<p>Kazay\u0131 g\u00f6renlerin ihbar\u0131 \u00fczerine olay yerine itfaiye, polis, sa\u011fl\u0131k ve UMKE ekipleri sevk edildi. Otomobil i\u00e7erisinde s\u0131k\u0131\u015fan s\u00fcr\u00fcc\u00fc itfaiye ekiplerinin m\u00fcdahalesi ile bulundu\u011fu yerden \u00e7\u0131kar\u0131ld\u0131.<\/p>\n<p>Kazada minib\u00fcs ve otomobilde bulunan 1&#x27;i a\u011f\u0131r 11 ki\u015fi yaraland\u0131. Yaral\u0131lar, olay yerindeki ilk m\u00fcdahalelerinin ard\u0131ndan ambulanslarla hastaneye kald\u0131r\u0131ld\u0131. Kaza nedeniyle yol bir s\u00fcre trafi\u011fe kapat\u0131ld\u0131. Ara\u00e7lar\u0131n \u00e7ekiciyle kald\u0131r\u0131lmas\u0131n\u0131n ard\u0131ndan trafik ak\u0131\u015f\u0131 normale d\u00f6nd\u00fc.<\/p>\n<p>T\u00fcrkiye g\u00fcndeminden son dakika haberleri, bug\u00fcn ya\u015fanan en son geli\u015fmeler, siyaset g\u00fcndeminden g\u00fcncel haberler ve b\u00fct\u00fcn son dakika haberleri i\u00e7in H\u00fcrriyet&#x27;in internet haber sitesi hurriyet.com.tr; Hurriyet.com.tr haber i\u00e7erikleri kaynak g\u00f6sterilmeden al\u0131nt\u0131 yap\u0131lamaz, Kanuna ayk\u0131r\u0131 ve izinsiz olarak kopyalanamaz, ba\u015fka yerde yay\u0131nlanamaz.<\/p>\n","protected":false},"excerpt":{"rendered":"<p>Beykoz\u2019da servis minib\u00fcs\u00fc ile otomobilin \u00e7arp\u0131\u015fmas\u0131 sonucu meydana gelen kazada 1\u2019i a\u011f\u0131r 11 ki\u015fi yaraland\u0131.<\/p>\n","protected":false},"author":2,"featured_media":30215,"comment_status":"open","ping_status":"open","sticky":false,"template":"","format":"standard","meta":{"footnotes":""},"categories":[8,6,5],"tags":[],"class_list":["post-30216","post","type-post","status-publish","format-standard","has-post-thumbnail","hentry","category-arsiv","category-gundem","category-son-dakika"],"_links":{"self":[{"href":"https:\/\/eskigazeteci.com\/index.php?rest_route=\/wp\/v2\/posts\/30216","targetHints":{"allow":["GET"]}}],"collection":[{"href":"https:\/\/eskigazeteci.com\/index.php?rest_route=\/wp\/v2\/posts"}],"about":[{"href":"https:\/\/eskigazeteci.com\/index.php?rest_route=\/wp\/v2\/types\/post"}],"author":[{"embeddable":true,"href":"https:\/\/eskigazeteci.com\/index.php?rest_route=\/wp\/v2\/users\/2"}],"replies":[{"embeddable":true,"href":"https:\/\/eskigazeteci.com\/index.php?rest_route=%2Fwp%2Fv2%2Fcomments&post=30216"}],"version-history":[{"count":0,"href":"https:\/\/eskigazeteci.com\/index.php?rest_route=\/wp\/v2\/posts\/30216\/revisions"}],"wp:featuredmedia":[{"embeddable":true,"href":"https:\/\/eskigazeteci.com\/index.php?rest_route=\/wp\/v2\/media\/30215"}],"wp:attachment":[{"href":"https:\/\/eskigazeteci.com\/index.php?rest_route=%2Fwp%2Fv2%2Fmedia&parent=30216"}],"wp:term":[{"taxonomy":"category","embeddable":true,"href":"https:\/\/eskigazeteci.com\/index.php?rest_route=%2Fwp%2Fv2%2Fcategories&post=30216"},{"taxonomy":"post_tag","embeddable":true,"href":"https:\/\/eskigazeteci.com\/index.php?rest_route=%2Fwp%2Fv2%2Ftags&post=30216"}],"curies":[{"name":"wp","href":"https:\/\/api.w.org\/{rel}","templated":true}]}}