{"id":30214,"date":"2026-04-28T22:45:56","date_gmt":"2026-04-28T22:45:56","guid":{"rendered":"https:\/\/eskigazeteci.com\/?p=30214"},"modified":"2026-04-28T22:45:56","modified_gmt":"2026-04-28T22:45:56","slug":"site-aidatlarina-yonelik-duzenlemeleri-de-iceren-kanun-teklifi-tbmmde","status":"publish","type":"post","link":"https:\/\/eskigazeteci.com\/?p=30214","title":{"rendered":"Site aidatlar\u0131na y\u00f6nelik d\u00fczenlemeleri de i\u00e7eren kanun teklifi TBMM&#8217;de"},"content":{"rendered":"<p>Teklifin t\u00fcm\u00fc \u00fczerinde s\u00f6z alan Yeni Yol Partisi Grup Ba\u015fkan\u0131 Mehmet Emin Ekmen, \u00c7evre, \u015eehircilik ve \u0130klim De\u011fi\u015fikli\u011fi Bakanl\u0131\u011f\u0131n\u0131n her g\u00fcn yeni proje a\u00e7\u0131klad\u0131\u011f\u0131n\u0131, ancak bu projelerin tamamlan\u0131p tamamlanmad\u0131\u011f\u0131n\u0131n belli olmad\u0131\u011f\u0131n\u0131 s\u00f6yledi.<\/p>\n<p>Projelere ili\u015fkin yaz\u0131l\u0131 soru \u00f6nergelerine cevap verilmedi\u011fini dile getiren Ekmen, 2023&#x27;\u00fcn Nisan ay\u0131nda a\u00e7\u0131klanan kentsel d\u00f6n\u00fc\u015f\u00fcmdeki &quot;Yar\u0131s\u0131 Bizden&quot; projesinin ba\u015flamad\u0131\u011f\u0131n\u0131 \u00f6ne s\u00fcrd\u00fc.<\/p>\n<p>Ekmen, dar gelirli vatanda\u015flar\u0131n &quot;ev sahibi olma&quot; hayalinin ger\u00e7ekle\u015ftirilemedi\u011fini savundu.<\/p>\n<p>Yeni Yol Partisi Bursa Milletvekili Mehmet Atmaca, &quot;torba kanun teklifi&quot; uygulamas\u0131na son verilmesi gerekti\u011fini s\u00f6yledi.<\/p>\n<p>Kanun teklifindeki d\u00fczenlemelerin 14 farkl\u0131 kanunla ili\u015fkili oldu\u011funu aktaran Atmaca, teklifle &quot;deprem&quot; gerek\u00e7esiyle d\u00fczenlemelere gidildi\u011fini aktard\u0131.<\/p>\n<p>Deprem ve mevcut yap\u0131 stokunun iyile\u015ftirilmesi konusunun teknik bir konu oldu\u011funu, siyasi olmad\u0131\u011f\u0131n\u0131n alt\u0131n\u0131 \u00e7izen Atmaca, teklif haz\u0131rlan\u0131rken bu konuda akademisyenlerin fikrinin al\u0131nmad\u0131\u011f\u0131n\u0131 \u00f6ne s\u00fcrd\u00fc.<\/p>\n<p>\u0130Y\u0130 Parti Trabzon Milletvekili Yavuz Ayd\u0131n, teklifteki kat m\u00fclkiyetine ili\u015fkin d\u00fczenlemeleri desteklediklerini ancak uygulamadaki teredd\u00fctlerin ortadan kald\u0131r\u0131lmas\u0131 gerekti\u011fini ifade&#8230;<\/p>\n","protected":false},"excerpt":{"rendered":"<p>TBMM Genel Kurulunda, fahi\u015f site aidatlar\u0131na y\u00f6nelik d\u00fczenlemeleri de i\u00e7eren Tapu Kanunu ile Baz\u0131 Kanunlarda ve 375 Say\u0131l\u0131 Kanun H\u00fckm\u00fcnde Kararnamede&#8230;<\/p>\n","protected":false},"author":2,"featured_media":30213,"comment_status":"open","ping_status":"open","sticky":false,"template":"","format":"standard","meta":{"footnotes":""},"categories":[8,6,5],"tags":[],"class_list":["post-30214","post","type-post","status-publish","format-standard","has-post-thumbnail","hentry","category-arsiv","category-gundem","category-son-dakika"],"_links":{"self":[{"href":"https:\/\/eskigazeteci.com\/index.php?rest_route=\/wp\/v2\/posts\/30214","targetHints":{"allow":["GET"]}}],"collection":[{"href":"https:\/\/eskigazeteci.com\/index.php?rest_route=\/wp\/v2\/posts"}],"about":[{"href":"https:\/\/eskigazeteci.com\/index.php?rest_route=\/wp\/v2\/types\/post"}],"author":[{"embeddable":true,"href":"https:\/\/eskigazeteci.com\/index.php?rest_route=\/wp\/v2\/users\/2"}],"replies":[{"embeddable":true,"href":"https:\/\/eskigazeteci.com\/index.php?rest_route=%2Fwp%2Fv2%2Fcomments&post=30214"}],"version-history":[{"count":0,"href":"https:\/\/eskigazeteci.com\/index.php?rest_route=\/wp\/v2\/posts\/30214\/revisions"}],"wp:featuredmedia":[{"embeddable":true,"href":"https:\/\/eskigazeteci.com\/index.php?rest_route=\/wp\/v2\/media\/30213"}],"wp:attachment":[{"href":"https:\/\/eskigazeteci.com\/index.php?rest_route=%2Fwp%2Fv2%2Fmedia&parent=30214"}],"wp:term":[{"taxonomy":"category","embeddable":true,"href":"https:\/\/eskigazeteci.com\/index.php?rest_route=%2Fwp%2Fv2%2Fcategories&post=30214"},{"taxonomy":"post_tag","embeddable":true,"href":"https:\/\/eskigazeteci.com\/index.php?rest_route=%2Fwp%2Fv2%2Ftags&post=30214"}],"curies":[{"name":"wp","href":"https:\/\/api.w.org\/{rel}","templated":true}]}}