{"id":30212,"date":"2026-04-28T22:37:10","date_gmt":"2026-04-28T22:37:10","guid":{"rendered":"https:\/\/eskigazeteci.com\/?p=30212"},"modified":"2026-04-28T22:37:10","modified_gmt":"2026-04-28T22:37:10","slug":"dmmden-istanbulda-100-bin-konutun-hak-sahiplerinin-belirlenmesine-iliskin-aciklama","status":"publish","type":"post","link":"https:\/\/eskigazeteci.com\/?p=30212","title":{"rendered":"DMM&#8217;den \u0130stanbul&#8217;da 100 bin konutun hak sahiplerinin belirlenmesine ili\u015fkin a\u00e7\u0131klama"},"content":{"rendered":"<p>DMM &#x27;nin NSosyal hesab\u0131ndan yap\u0131lan a\u00e7\u0131klamada, baz\u0131 sosyal medya payla\u015f\u0131mlar\u0131nda, \u0130stanbul &#x27;da in\u015fa edilecek 100 bin sosyal konut projesinin hak sahipli\u011fi belirleme kuralar\u0131na ili\u015fkin as\u0131ls\u0131z iddialar\u0131n dola\u015f\u0131ma sokuldu\u011fu belirtildi.<\/p>\n<p>&quot;T\u00fcm kura s\u00fcreci noter huzurunda, herhangi bir d\u0131\u015f m\u00fcdahaleye kapal\u0131, bilgisayar ortam\u0131nda ve tamamen rastgele se\u00e7im esas\u0131na dayal\u0131 olarak yap\u0131lm\u0131\u015ft\u0131r.&quot; ifadesine yer verilen a\u00e7\u0131klamada, \u015funlar kaydedildi:<\/p>\n<p>&quot;25-26-27 Nisan 2026 tarihlerinde ger\u00e7ekle\u015ftirilen kura \u00e7ekimleri, kamu ciddiyeti ve tam \u015feffafl\u0131k ilkeleri do\u011frultusunda tamamlanm\u0131\u015ft\u0131r. Vatanda\u015flar\u0131m\u0131z\u0131n s\u00fcreci anl\u0131k takip edebilmesi amac\u0131yla t\u00fcm kuralar sosyal medyada canl\u0131 olarak yay\u0131nlanm\u0131\u015ft\u0131r. Ba\u015fvuru listeleri kura \u00f6ncesinde kamuoyuyla payla\u015f\u0131lm\u0131\u015f, \u015fartlar\u0131 sa\u011flayan t\u00fcm vatanda\u015flar\u0131m\u0131z\u0131n haklar\u0131 eksiksiz bir \u015fekilde sisteme tan\u0131mlanm\u0131\u015ft\u0131r. \u00c7ekili\u015f sonu\u00e7lar\u0131 yine noter onay\u0131yla kesinle\u015fmi\u015f ve resmi kanallar arac\u0131l\u0131\u011f\u0131yla ilan edilmi\u015ftir. Kura sonu\u00e7lar\u0131na g\u00f6lge d\u00fc\u015f\u00fcrmeyi ve kurumlar\u0131m\u0131z\u0131n g\u00fcvenilirli\u011fini sarsmay\u0131 ama\u00e7layan dezenformasyon faaliyetlerine itibar edilmemesi, sadece ilgili resmi makamlar\u0131n a\u00e7\u0131klamalar\u0131n\u0131n dikkate al\u0131nmas\u0131 \u00f6nemle rica olunur.&quot;<\/p>\n<p>T\u00fcrkiye g\u00fcndeminden son dakika&#8230;<\/p>\n","protected":false},"excerpt":{"rendered":"<p>Cumhurba\u015fkanl\u0131\u011f\u0131 \u0130leti\u015fim Ba\u015fkanl\u0131\u011f\u0131 Dezenformasyonla M\u00fccadele Merkezi (DMM), \u0130stanbul&#8217;da in\u015fa edilecek 100 bin sosyal konut projesinin hak sahiplerinin&#8230;<\/p>\n","protected":false},"author":2,"featured_media":30211,"comment_status":"open","ping_status":"open","sticky":false,"template":"","format":"standard","meta":{"footnotes":""},"categories":[8,6,5],"tags":[],"class_list":["post-30212","post","type-post","status-publish","format-standard","has-post-thumbnail","hentry","category-arsiv","category-gundem","category-son-dakika"],"_links":{"self":[{"href":"https:\/\/eskigazeteci.com\/index.php?rest_route=\/wp\/v2\/posts\/30212","targetHints":{"allow":["GET"]}}],"collection":[{"href":"https:\/\/eskigazeteci.com\/index.php?rest_route=\/wp\/v2\/posts"}],"about":[{"href":"https:\/\/eskigazeteci.com\/index.php?rest_route=\/wp\/v2\/types\/post"}],"author":[{"embeddable":true,"href":"https:\/\/eskigazeteci.com\/index.php?rest_route=\/wp\/v2\/users\/2"}],"replies":[{"embeddable":true,"href":"https:\/\/eskigazeteci.com\/index.php?rest_route=%2Fwp%2Fv2%2Fcomments&post=30212"}],"version-history":[{"count":0,"href":"https:\/\/eskigazeteci.com\/index.php?rest_route=\/wp\/v2\/posts\/30212\/revisions"}],"wp:featuredmedia":[{"embeddable":true,"href":"https:\/\/eskigazeteci.com\/index.php?rest_route=\/wp\/v2\/media\/30211"}],"wp:attachment":[{"href":"https:\/\/eskigazeteci.com\/index.php?rest_route=%2Fwp%2Fv2%2Fmedia&parent=30212"}],"wp:term":[{"taxonomy":"category","embeddable":true,"href":"https:\/\/eskigazeteci.com\/index.php?rest_route=%2Fwp%2Fv2%2Fcategories&post=30212"},{"taxonomy":"post_tag","embeddable":true,"href":"https:\/\/eskigazeteci.com\/index.php?rest_route=%2Fwp%2Fv2%2Ftags&post=30212"}],"curies":[{"name":"wp","href":"https:\/\/api.w.org\/{rel}","templated":true}]}}