{"id":30206,"date":"2026-04-28T21:37:23","date_gmt":"2026-04-28T21:37:23","guid":{"rendered":"https:\/\/eskigazeteci.com\/?p=30206"},"modified":"2026-04-28T21:37:23","modified_gmt":"2026-04-28T21:37:23","slug":"abd-trumpin-gorselinin-yer-aldigi-pasaportlar-basacak","status":"publish","type":"post","link":"https:\/\/eskigazeteci.com\/?p=30206","title":{"rendered":"ABD, Trump&#8217;\u0131n g\u00f6rselinin yer ald\u0131\u011f\u0131 pasaportlar basacak"},"content":{"rendered":"<p>ABD D\u0131\u015fi\u015fleri Bakanl\u0131\u011f\u0131 S\u00f6zc\u00fcs\u00fc Tommy Pigott, AA muhabirine yapt\u0131\u011f\u0131 a\u00e7\u0131klamada, Fox News taraf\u0131ndan g\u00fcndeme ta\u015f\u0131nan \u00fclkenin 250. y\u0131l\u0131na \u00f6zel pasaportlarla ilgili haberi do\u011frulad\u0131.<\/p>\n<p>S\u00f6zc\u00fc, s\u0131n\u0131rl\u0131 say\u0131da \u00f6zel tasar\u0131m pasaport bas\u0131laca\u011f\u0131 ve bu tasar\u0131mda Ba\u015fkan Trump&#x27;\u0131n g\u00f6rselinin yer alaca\u011f\u0131 bilgisini i\u00e7eren haberi teyit etti.<\/p>\n<p>S\u00f6zc\u00fc Pigott, a\u00e7\u0131klamas\u0131nda, &quot;ABD&#x27;nin temmuz ay\u0131nda 250. y\u0131l d\u00f6n\u00fcm\u00fcn\u00fc kutlamas\u0131 vesilesiyle, D\u0131\u015fi\u015fleri Bakanl\u0131\u011f\u0131 bu tarihi olay\u0131 anmak i\u00e7in s\u0131n\u0131rl\u0131 say\u0131da \u00f6zel tasar\u0131ml\u0131 ABD pasaportu basmaya haz\u0131rlan\u0131yor.&quot; ifadesini kulland\u0131.<\/p>\n<p>Fox News&#x27;\u0131n haberinde, \u00f6nerilen yeni tasar\u0131m\u0131n i\u00e7 kapa\u011f\u0131nda Trump &#x27;\u0131n portresinin yer ald\u0131\u011f\u0131 25 bin adetlik s\u0131n\u0131rl\u0131 say\u0131da pasaportun bas\u0131laca\u011f\u0131 belirtildi.<\/p>\n<p>S\u00f6z konusu \u00f6zel tasar\u0131m pasaportlar\u0131n bas\u0131lmas\u0131 durumunda, &quot; ABD tarihinde ilk kez hayattaki bir ba\u015fkan\u0131n bir seyahat belgesinde g\u00f6rselinin yer alaca\u011f\u0131&quot; kaydedildi.<\/p>\n<p>Yurtd\u0131\u015f\u0131nda ya\u015fanan en son olaylar, d\u00fcnya g\u00fcndemine oturan d\u0131\u015f haberler, son dakika d\u00fcnya haberleri, di\u011fer d\u00fcnya \u00fclkelerinden g\u00fcncel haberler i\u00e7in T\u00fcrkiye&#x27;nin haber sitesi hurriyet.com.tr; Hurriyet.com.tr haber i\u00e7erikleri kaynak g\u00f6sterilmeden al\u0131nt\u0131 yap\u0131lamaz, Kanuna ayk\u0131r\u0131 ve izinsiz olarak kopyalanamaz, ba\u015fka yerde&#8230;<\/p>\n","protected":false},"excerpt":{"rendered":"<p>ABD D\u0131\u015fi\u015fleri Bakanl\u0131\u011f\u0131, \u00fclkenin 250. y\u0131l\u0131 an\u0131s\u0131na s\u0131n\u0131rl\u0131 say\u0131da \u00f6zel tasar\u0131m pasaport bas\u0131laca\u011f\u0131n\u0131 ve bu pasaportlarda Ba\u015fkan Donald Trump&#8217;\u0131n g\u00f6rselinin&#8230;<\/p>\n","protected":false},"author":2,"featured_media":30205,"comment_status":"open","ping_status":"open","sticky":false,"template":"","format":"standard","meta":{"footnotes":""},"categories":[6,5],"tags":[],"class_list":["post-30206","post","type-post","status-publish","format-standard","has-post-thumbnail","hentry","category-gundem","category-son-dakika"],"_links":{"self":[{"href":"https:\/\/eskigazeteci.com\/index.php?rest_route=\/wp\/v2\/posts\/30206","targetHints":{"allow":["GET"]}}],"collection":[{"href":"https:\/\/eskigazeteci.com\/index.php?rest_route=\/wp\/v2\/posts"}],"about":[{"href":"https:\/\/eskigazeteci.com\/index.php?rest_route=\/wp\/v2\/types\/post"}],"author":[{"embeddable":true,"href":"https:\/\/eskigazeteci.com\/index.php?rest_route=\/wp\/v2\/users\/2"}],"replies":[{"embeddable":true,"href":"https:\/\/eskigazeteci.com\/index.php?rest_route=%2Fwp%2Fv2%2Fcomments&post=30206"}],"version-history":[{"count":0,"href":"https:\/\/eskigazeteci.com\/index.php?rest_route=\/wp\/v2\/posts\/30206\/revisions"}],"wp:featuredmedia":[{"embeddable":true,"href":"https:\/\/eskigazeteci.com\/index.php?rest_route=\/wp\/v2\/media\/30205"}],"wp:attachment":[{"href":"https:\/\/eskigazeteci.com\/index.php?rest_route=%2Fwp%2Fv2%2Fmedia&parent=30206"}],"wp:term":[{"taxonomy":"category","embeddable":true,"href":"https:\/\/eskigazeteci.com\/index.php?rest_route=%2Fwp%2Fv2%2Fcategories&post=30206"},{"taxonomy":"post_tag","embeddable":true,"href":"https:\/\/eskigazeteci.com\/index.php?rest_route=%2Fwp%2Fv2%2Ftags&post=30206"}],"curies":[{"name":"wp","href":"https:\/\/api.w.org\/{rel}","templated":true}]}}