{"id":302,"date":"2026-02-09T11:13:31","date_gmt":"2026-02-09T11:13:31","guid":{"rendered":"https:\/\/eskigazeteci.com\/?p=302"},"modified":"2026-02-09T11:13:31","modified_gmt":"2026-02-09T11:13:31","slug":"haber-126","status":"publish","type":"post","link":"https:\/\/eskigazeteci.com\/?p=302","title":{"rendered":"Haber"},"content":{"rendered":"<p>Real Madrid, La Liga&#x27;n\u0131n 23. haftas\u0131nda konuk oldu\u011fu Valencia&#x27;y\u0131 ikinci yar\u0131da buldu\u011fu gollerle 2-0 ma\u011flup etti ve lider Barcelona&#x27;yla puan fark\u0131n\u0131 yeniden bire indirerek takibini s\u00fcrd\u00fcrd\u00fc<\/p>\n<p>Eflatun-beyazl\u0131larda kar\u015f\u0131la\u015fmaya ilk 11&#x27;de ba\u015flayan ve 82 dakika sahada kalan milli futbolcu Arda G\u00fcler, 82. dakikada alk\u0131\u015flar e\u015fli\u011finde yerini Franco Mastantuono&#x27;ya b\u0131rakt\u0131.<\/p>\n<p>Marca yazar\u0131 Carlos Carpio, kar\u015f\u0131la\u015fman\u0131n ard\u0131ndan \u00e7ok \u00e7arp\u0131c\u0131 bir yaz\u0131ya imza att\u0131.<\/p>\n<p>Suudi Arabistan\u2019daki b\u00fcy\u00fck kriz sonras\u0131 bomba iddia: Cristiano Ronaldo ile yollar ayr\u0131l\u0131yor Suudi Arabistan\u2019da devam eden Cristiano Ronaldo krizi s\u00fcrerken \u0130ngiliz bas\u0131n\u0131ndan bomba bir iddia ortaya at\u0131ld\u0131. Son 2 ma\u00e7ta sahaya \u00e7\u0131kmayan Ronaldo\u2019nun ayr\u0131laca\u011f\u0131 ve yerine al\u0131nacak y\u0131ld\u0131z\u0131 da a\u00e7\u0131klad\u0131lar.<\/p>\n<p>Sakatl\u0131k nedeniyle forma giyemeyen Bellingham&#x27;\u0131n yoklu\u011funun Real Madrid i\u00e7in faydal\u0131 olaca\u011f\u0131n\u0131 Carpio, &quot;Bellingham, Arda&#x27;y\u0131 k\u0131skan\u0131yor. Arda&#x27;yla oynad\u0131\u011f\u0131nda ona otoritesini dayatmaya, onu g\u00f6lgede b\u0131rakmaya \u00e7al\u0131\u015f\u0131yor&quot; ifadelerini kulland\u0131.<\/p>\n<p>\u0130\u015fte Carlos Carpio&#x27;nun ses getiren o yaz\u0131s\u0131:<\/p>\n<p>&quot;Rayo Vallecano ma\u00e7\u0131ndaki kaosun ard\u0131ndan, Camavinga ve Valverde&#x27;nin art\u0131k beklerde oynamayacaklar\u0131 ve orta sahaya ge\u00e7ecekleri a\u00e7\u0131kt\u0131. Ne yaz\u0131k ki, orta sahadaki varl\u0131klar\u0131n\u0131n Real Madrid&#x27;in oyununda bir iyile\u015fmeye d\u00f6n\u00fc\u015fmeyece\u011fi de a\u00e7\u0131kt\u0131, \u00e7\u00fcnk\u00fc ne Frans\u0131z ne de Uruguayl\u0131 oyuncu tak\u0131m\u0131 s\u0131rtlayacak kaliteye sahip de\u011filler. Bu nedenle sahaya 5-4-1 dizili\u015fiyle \u00e7\u0131kan Valencia&#x27;ya kar\u015f\u0131 ilk yar\u0131 yine uyu\u015fuk ge\u00e7ti. Eflatun-beyazl\u0131lar\u0131n futbolu yine gri, cans\u0131z ve s\u00f6n\u00fckt\u00fc. Hi\u00e7bir geli\u015fme belirtisi yok. Sanki yava\u015f \u00e7ekimdeymi\u015f gibi oynuyorlar, kimse ko\u015fu atm\u0131yor, hep k\u0131sa paslar yap\u0131yorlar. Tchoauam\u00e9ni, Camavinga ve Valverde gibi oyuncular\u0131n fiziksel \u00f6zelliklerine ra\u011fmen dinamizm eksikli\u011finin anla\u015f\u0131lmas\u0131 da zor. Ayr\u0131ca Mbapp\u00e9 hari\u00e7 top kontrol\u00fc konusunda yetersizler, d\u00f6nen toplar\u0131 kazanamamalar\u0131 da inan\u0131lmaz. Bu bir tutum meselesi, fiziksel g\u00fc\u00e7 de\u011fil. Bir tutum eksikli\u011fi.<\/p>\n<p>\u0130lk yar\u0131m saatten sonra h\u0131zlar\u0131n\u0131 art\u0131rd\u0131lar ve bu oyuncular\u0131n sahip olmas\u0131 beklenen kaliteye yak\u0131\u015f\u0131r \u015fekilde baz\u0131 ilgin\u00e7 pozisyonlar yaratmaya ba\u015flad\u0131lar. Bu, orta sahadaki tek saf yetenek olan Arda G\u00fcler&#x27;in h\u00fccum orta saha pozisyonundan kontrol\u00fc ele ge\u00e7irmeye ve Mbapp\u00e9 ile ba\u011flant\u0131 kurmaya ba\u015flamas\u0131yla ger\u00e7ekle\u015fti.<\/p>\n<p>Bellingham&#x27;\u0131n birka\u00e7 hafta sakatl\u0131k nedeniyle yoklu\u011fu tak\u0131m i\u00e7in faydal\u0131 olacak \u00e7\u00fcnk\u00fc Arda G\u00fcler&#x27;le birlikte oynad\u0131\u011f\u0131nda k\u0131skan\u00e7l\u0131k duyuyor ve otoritesini dayatmaya, onu g\u00f6lgede b\u0131rakmaya ve neredeyse hi\u00e7bir zaman olumlu bir \u015feye d\u00f6n\u00fc\u015fmeyen bir liderlik rol\u00fc \u00fcstlenmeye \u00e7al\u0131\u015f\u0131yor. En az\u0131ndan son iki sezonda durum b\u00f6yleydi. Ancak Arbeloa&#x27;n\u0131n Real Madrid&#x27;inde, liyakate bak\u0131lmaks\u0131z\u0131n k\u0131demlili\u011fin \u00e7ok \u00f6nemli oldu\u011fu da iyi biliniyor. Ger\u00e7ek \u015fu ki, Arda G\u00fcler, Mbapp\u00e9 ile birlikte ortalama \u00fcst\u00fc bir performans sergileyen tek oyuncuydu yine. \u015eu anda Arda, orta sahada yeri doldurulamaz bir oyuncu. Bellingham d\u00f6nd\u00fc\u011f\u00fcnde de \u00f6yle kalmal\u0131.&quot;<\/p>\n<p>PERFORMANSI<\/p>\n<p>Bu sezon Real Madrid formas\u0131yla t\u00fcm kulvarlarda 35 ma\u00e7a \u00e7\u0131kan Arda G\u00fcler , sahada bulundu\u011fu 2196 dakikada 3 gol at\u0131p 12 de asist \u00fcreterek toplamda 15 gole do\u011frudan katk\u0131 sa\u011flad\u0131.<\/p>\n<p>Eflatun-beyazl\u0131 tak\u0131m\u0131n bu sezon en \u00e7ok asist yapan oyuncusu olan Arda, La Liga &#x27;da ise bu alanda 4. s\u0131rada yer al\u0131yor.<\/p>\n<p>T\u00fcrkiye&#x27;den ve D\u00fcnya\u2019dan son dakika haberleri, k\u00f6\u015fe yaz\u0131lar\u0131, magazinden siyasete, spordan seyahate b\u00fct\u00fcn konular\u0131n tek adresi Hurriyet.com.tr haber i\u00e7erikleri izin al\u0131nmadan, kaynak g\u00f6sterilerek dahi iktibas edilemez. Kanuna ayk\u0131r\u0131 ve izinsiz olarak kopyalanamaz, ba\u015fka yerde yay\u0131nlanamaz.<\/p>\n","protected":false},"excerpt":{"rendered":"<p>La Liga&#8217;n\u0131n 23. haftas\u0131nda Valencia&#8217;y\u0131 deplasmanda 2-0 ma\u011flup eden ve lider Barcelona&#8217;y\u0131 yak\u0131n takibini s\u00fcrd\u00fcren Real Madrid&#8217;de forma giyen milli futbolcu&#8230;<\/p>\n","protected":false},"author":2,"featured_media":301,"comment_status":"open","ping_status":"open","sticky":false,"template":"","format":"standard","meta":{"footnotes":""},"categories":[8,3],"tags":[],"class_list":["post-302","post","type-post","status-publish","format-standard","has-post-thumbnail","hentry","category-arsiv","category-siyaset"],"_links":{"self":[{"href":"https:\/\/eskigazeteci.com\/index.php?rest_route=\/wp\/v2\/posts\/302","targetHints":{"allow":["GET"]}}],"collection":[{"href":"https:\/\/eskigazeteci.com\/index.php?rest_route=\/wp\/v2\/posts"}],"about":[{"href":"https:\/\/eskigazeteci.com\/index.php?rest_route=\/wp\/v2\/types\/post"}],"author":[{"embeddable":true,"href":"https:\/\/eskigazeteci.com\/index.php?rest_route=\/wp\/v2\/users\/2"}],"replies":[{"embeddable":true,"href":"https:\/\/eskigazeteci.com\/index.php?rest_route=%2Fwp%2Fv2%2Fcomments&post=302"}],"version-history":[{"count":0,"href":"https:\/\/eskigazeteci.com\/index.php?rest_route=\/wp\/v2\/posts\/302\/revisions"}],"wp:featuredmedia":[{"embeddable":true,"href":"https:\/\/eskigazeteci.com\/index.php?rest_route=\/wp\/v2\/media\/301"}],"wp:attachment":[{"href":"https:\/\/eskigazeteci.com\/index.php?rest_route=%2Fwp%2Fv2%2Fmedia&parent=302"}],"wp:term":[{"taxonomy":"category","embeddable":true,"href":"https:\/\/eskigazeteci.com\/index.php?rest_route=%2Fwp%2Fv2%2Fcategories&post=302"},{"taxonomy":"post_tag","embeddable":true,"href":"https:\/\/eskigazeteci.com\/index.php?rest_route=%2Fwp%2Fv2%2Ftags&post=302"}],"curies":[{"name":"wp","href":"https:\/\/api.w.org\/{rel}","templated":true}]}}