{"id":30194,"date":"2026-04-28T20:57:16","date_gmt":"2026-04-28T20:57:16","guid":{"rendered":"https:\/\/eskigazeteci.com\/?p=30194"},"modified":"2026-04-28T20:57:16","modified_gmt":"2026-04-28T20:57:16","slug":"putinden-talimat-sert-sekilde-engelleyin","status":"publish","type":"post","link":"https:\/\/eskigazeteci.com\/?p=30194","title":{"rendered":"Putin&#8217;den talimat: Sert \u015fekilde engelleyin"},"content":{"rendered":"<p>Kremlin Saray\u0131&#x27;ndan yap\u0131lan a\u00e7\u0131klamaya g\u00f6re, Rusya Devlet Ba\u015fkan\u0131 Vladimir Putin, Rus yetkilileriyle eyl\u00fclde yap\u0131lacak milletvekili se\u00e7imleri esnas\u0131nda g\u00fcvenli\u011fin sa\u011flanmas\u0131yla ilgili toplant\u0131 yapt\u0131.<\/p>\n<p>Toplant\u0131ya \u0130\u00e7i\u015fleri Bakan\u0131 Vladimir Kolokoltsev ve Adalet Bakan\u0131 Konstantin \u00c7uy\u00e7enko&#x27;nun yan\u0131 s\u0131ra Federal G\u00fcvenlik Servisi (FSB) M\u00fcd\u00fcr\u00fc Aleksandr Bortnikov, Soru\u015fturma Komitesi Ba\u015fkan\u0131 Aleksandr Bastr\u0131kin, Y\u00fcksek Mahkeme ve Anayasa Mahkemesi ba\u015fkanlar\u0131 ve \u00e7e\u015fitli kurum temsilcileri kat\u0131ld\u0131.<\/p>\n<p>&quot;HEM ASKERLERE HEM DE S\u0130V\u0130LLERE Y\u00d6NEL\u0130K TER\u00d6R EYLEMLER\u0130NE BA\u015eVURULUYOR&quot;<\/p>\n<p>Toplant\u0131da konu\u015fan Putin, ter\u00f6rle m\u00fccadele sisteminin iyile\u015ftirilmesine ve Rus vatanda\u015flar\u0131n g\u00fcvenli\u011finin sa\u011flanmas\u0131na y\u00f6nelik \u00e7al\u0131\u015fmalar yapt\u0131klar\u0131n\u0131 dile getirdi.<\/p>\n<p>Putin, \u00fclkesinde ter\u00f6r tehditlerinin artt\u0131\u011f\u0131n\u0131 belirterek, &quot;Uluslararas\u0131 ter\u00f6r \u00f6rg\u00fctleri, radikal ve a\u015f\u0131r\u0131l\u0131k\u00e7\u0131 gruplar y\u0131k\u0131c\u0131 faaliyetlerini s\u00fcrd\u00fcr\u00fcyor. Bununla birlikte, Kiev y\u00f6netimi ve destek\u00e7ileri a\u00e7\u0131k\u00e7a ter\u00f6r y\u00f6ntemlerine ba\u015fvuruyor. Bunun nedeni kar\u015f\u0131 taraf\u0131n, askerlerimizin ilerleyi\u015fini cephede durduramamas\u0131 ve her g\u00fcn toprak kaybetmesi. Bundan dolay\u0131 hem askerlere hem de sivillere y\u00f6nelik ter\u00f6r eylemlerine ba\u015fvuruluyor.&quot; dedi.<\/p>\n<p>&quot;BU SALDIRILAR, C\u0130DD\u0130&#8230;<\/p>\n","protected":false},"excerpt":{"rendered":"<p>Rusya Devlet Ba\u015fkan\u0131 Vladimir Putin, Kiev y\u00f6netiminin ve destek\u00e7ilerinin a\u00e7\u0131k\u00e7a ter\u00f6r y\u00f6ntemlerine ba\u015fvurdu\u011funu s\u00f6yleyerek Rus Kolluk Kuvvetleri ve \u00f6zel&#8230;<\/p>\n","protected":false},"author":2,"featured_media":30193,"comment_status":"open","ping_status":"open","sticky":false,"template":"","format":"standard","meta":{"footnotes":""},"categories":[8,6,5],"tags":[],"class_list":["post-30194","post","type-post","status-publish","format-standard","has-post-thumbnail","hentry","category-arsiv","category-gundem","category-son-dakika"],"_links":{"self":[{"href":"https:\/\/eskigazeteci.com\/index.php?rest_route=\/wp\/v2\/posts\/30194","targetHints":{"allow":["GET"]}}],"collection":[{"href":"https:\/\/eskigazeteci.com\/index.php?rest_route=\/wp\/v2\/posts"}],"about":[{"href":"https:\/\/eskigazeteci.com\/index.php?rest_route=\/wp\/v2\/types\/post"}],"author":[{"embeddable":true,"href":"https:\/\/eskigazeteci.com\/index.php?rest_route=\/wp\/v2\/users\/2"}],"replies":[{"embeddable":true,"href":"https:\/\/eskigazeteci.com\/index.php?rest_route=%2Fwp%2Fv2%2Fcomments&post=30194"}],"version-history":[{"count":0,"href":"https:\/\/eskigazeteci.com\/index.php?rest_route=\/wp\/v2\/posts\/30194\/revisions"}],"wp:featuredmedia":[{"embeddable":true,"href":"https:\/\/eskigazeteci.com\/index.php?rest_route=\/wp\/v2\/media\/30193"}],"wp:attachment":[{"href":"https:\/\/eskigazeteci.com\/index.php?rest_route=%2Fwp%2Fv2%2Fmedia&parent=30194"}],"wp:term":[{"taxonomy":"category","embeddable":true,"href":"https:\/\/eskigazeteci.com\/index.php?rest_route=%2Fwp%2Fv2%2Fcategories&post=30194"},{"taxonomy":"post_tag","embeddable":true,"href":"https:\/\/eskigazeteci.com\/index.php?rest_route=%2Fwp%2Fv2%2Ftags&post=30194"}],"curies":[{"name":"wp","href":"https:\/\/api.w.org\/{rel}","templated":true}]}}