{"id":30190,"date":"2026-04-28T20:35:47","date_gmt":"2026-04-28T20:35:47","guid":{"rendered":"https:\/\/eskigazeteci.com\/?p=30190"},"modified":"2026-04-28T20:35:47","modified_gmt":"2026-04-28T20:35:47","slug":"saglik-bakanligi-personel-alimi-basvurusu-2026","status":"publish","type":"post","link":"https:\/\/eskigazeteci.com\/?p=30190","title":{"rendered":"SA\u011eLIK BAKANLI\u011eI PERSONEL ALIMI BA\u015eVURUSU 2026"},"content":{"rendered":"<p>Sa\u011fl\u0131k Bakanl\u0131\u011f\u0131 s\u00f6zle\u015fmeli sa\u011fl\u0131k personeli al\u0131m\u0131 ba\u015fvuru tarihi ve \u015fartlar\u0131, sa\u011fl\u0131k mezunu adaylar\u0131n yo\u011funla\u015ft\u0131\u011f\u0131 konular\u0131n ba\u015f\u0131nda geliyor. Sa\u011fl\u0131k Bakanl\u0131\u011f\u0131, a\u00e7\u0131k kadrolarda g\u00f6revlendirilmek \u00fczere toplam 26 bin 673 s\u00f6zle\u015fmeli sa\u011fl\u0131k personeli istihdam edilece\u011fini duyurdu. Yerle\u015ftirmelerin m\u00fclakats\u0131z, tamamen KPSS puan \u00fcst\u00fcnl\u00fc\u011f\u00fcne g\u00f6re yap\u0131lacak olmas\u0131 adaylar aras\u0131ndaki rekabeti art\u0131r\u0131rken, bran\u015f da\u011f\u0131l\u0131m\u0131ndaki detaylar ve 4\/B s\u00f6zle\u015fmeli personel stat\u00fcs\u00fcndeki haklar da merak ediliyor. G\u00f6zler \u015fimdi 26 bin 673 personel al\u0131m\u0131 ba\u015fvurular\u0131nda. Peki, Sa\u011fl\u0131k Bakanl\u0131\u011f\u0131 26 bin 673 s\u00f6zle\u015fmeli personel al\u0131m\u0131 ne zaman yap\u0131lacak, ba\u015fvuru \u015fartlar\u0131 neler, kadro ve bran\u015f da\u011f\u0131l\u0131m\u0131 belli oldu mu?<\/p>\n<p>Sa\u011fl\u0131k Bakanl\u0131\u011f\u0131\u2019n\u0131n 2026 y\u0131l\u0131 personel al\u0131m\u0131 i\u00e7in takvim hen\u00fcz resmi olarak ilan edilmedi. Ancak Resmi Gazete\u2019de yay\u0131mlanan kontenjan da\u011f\u0131l\u0131m\u0131, s\u00fcrecin fiilen ba\u015flad\u0131\u011f\u0131n\u0131 g\u00f6steriyor. \u00d6nceki y\u0131llar\u0131n uygulamalar\u0131 baz al\u0131nd\u0131\u011f\u0131nda, \u00d6SYM\u2019nin Nisan veya May\u0131s aylar\u0131nda tercih k\u0131lavuzunu yay\u0131mlamas\u0131 ve ba\u015fvurular\u0131 almas\u0131 bekleniyor. Adaylar, T.C. Kimlik numaralar\u0131 ve \u015fifreleri ile ais.osym.gov.tr adresi \u00fczerinden tercihlerini ger\u00e7ekle\u015ftirebilecekler.<\/p>\n<p>Sa\u011fl\u0131k Bakanl\u0131\u011f\u0131\u2019n\u0131n 26 bin 673 s\u00f6zle\u015fmeli personel al\u0131m\u0131&#8230;<\/p>\n","protected":false},"excerpt":{"rendered":"<p>Sa\u011fl\u0131k Bakanl\u0131\u011f\u0131 26 bin 673 s\u00f6zle\u015fmeli personel al\u0131m\u0131 ba\u015fvuru takvimi, ba\u015fvuru \u015fartlar\u0131 ve \u00d6SYM k\u0131lavuzu adaylar\u0131n g\u00fcndeminde yer al\u0131yor. T\u00fcrkiye\u2019nin sa\u011fl\u0131k&#8230;<\/p>\n","protected":false},"author":2,"featured_media":30189,"comment_status":"open","ping_status":"open","sticky":false,"template":"","format":"standard","meta":{"footnotes":""},"categories":[8,6,5],"tags":[],"class_list":["post-30190","post","type-post","status-publish","format-standard","has-post-thumbnail","hentry","category-arsiv","category-gundem","category-son-dakika"],"_links":{"self":[{"href":"https:\/\/eskigazeteci.com\/index.php?rest_route=\/wp\/v2\/posts\/30190","targetHints":{"allow":["GET"]}}],"collection":[{"href":"https:\/\/eskigazeteci.com\/index.php?rest_route=\/wp\/v2\/posts"}],"about":[{"href":"https:\/\/eskigazeteci.com\/index.php?rest_route=\/wp\/v2\/types\/post"}],"author":[{"embeddable":true,"href":"https:\/\/eskigazeteci.com\/index.php?rest_route=\/wp\/v2\/users\/2"}],"replies":[{"embeddable":true,"href":"https:\/\/eskigazeteci.com\/index.php?rest_route=%2Fwp%2Fv2%2Fcomments&post=30190"}],"version-history":[{"count":0,"href":"https:\/\/eskigazeteci.com\/index.php?rest_route=\/wp\/v2\/posts\/30190\/revisions"}],"wp:featuredmedia":[{"embeddable":true,"href":"https:\/\/eskigazeteci.com\/index.php?rest_route=\/wp\/v2\/media\/30189"}],"wp:attachment":[{"href":"https:\/\/eskigazeteci.com\/index.php?rest_route=%2Fwp%2Fv2%2Fmedia&parent=30190"}],"wp:term":[{"taxonomy":"category","embeddable":true,"href":"https:\/\/eskigazeteci.com\/index.php?rest_route=%2Fwp%2Fv2%2Fcategories&post=30190"},{"taxonomy":"post_tag","embeddable":true,"href":"https:\/\/eskigazeteci.com\/index.php?rest_route=%2Fwp%2Fv2%2Ftags&post=30190"}],"curies":[{"name":"wp","href":"https:\/\/api.w.org\/{rel}","templated":true}]}}