{"id":30186,"date":"2026-04-28T19:55:39","date_gmt":"2026-04-28T19:55:39","guid":{"rendered":"https:\/\/eskigazeteci.com\/?p=30186"},"modified":"2026-04-28T19:55:39","modified_gmt":"2026-04-28T19:55:39","slug":"tavuklarini-yedigi-gerekcesiyle-sokak-kopegini-sopayla-doven-kisi-gozaltinda","status":"publish","type":"post","link":"https:\/\/eskigazeteci.com\/?p=30186","title":{"rendered":"Tavuklar\u0131n\u0131 yedi\u011fi gerek\u00e7esiyle sokak k\u00f6pe\u011fini sopayla d\u00f6ven ki\u015fi g\u00f6zalt\u0131nda"},"content":{"rendered":"<p>Olay, Y\u00fcre\u011fir il\u00e7esine ba\u011fl\u0131 Haydaro\u011flu Mahallesi\u2019nde meydana geldi. Bir i\u015fletmede bek\u00e7i olarak \u00e7al\u0131\u015fan Mehmet K., besledi\u011fi tavuklar\u0131 yedi\u011fi iddias\u0131yla sahipsiz bir sokak k\u00f6pe\u011fine sopayla sald\u0131rd\u0131. \u015e\u00fcphelinin k\u00f6pe\u011fe sopayla vurdu\u011fu o anlar, \u00e7evredeki bir ki\u015fi taraf\u0131ndan cep telefonu kameras\u0131yla kaydedildi.<\/p>\n<p>G\u00f6r\u00fcnt\u00fclerin ortaya \u00e7\u0131kmas\u0131n\u0131n ard\u0131ndan harekete ge\u00e7en \u0130l Emniyet M\u00fcd\u00fcrl\u00fc\u011f\u00fc Asayi\u015f \u015eube M\u00fcd\u00fcrl\u00fc\u011f\u00fc\u2019ne ba\u011fl\u0131 motorize ekipler, Mehmet K.\u2019y\u0131 g\u00f6zalt\u0131na ald\u0131.<\/p>\n<p>\u015e\u00fcphelinin karakoldaki ifade verme i\u015flemi s\u00fcr\u00fcyor.<\/p>\n<p>T\u00fcrkiye g\u00fcndeminden son dakika haberleri, bug\u00fcn ya\u015fanan en son geli\u015fmeler, siyaset g\u00fcndeminden g\u00fcncel haberler ve b\u00fct\u00fcn son dakika haberleri i\u00e7in H\u00fcrriyet&#x27;in internet haber sitesi hurriyet.com.tr; Hurriyet.com.tr haber i\u00e7erikleri kaynak g\u00f6sterilmeden al\u0131nt\u0131 yap\u0131lamaz, Kanuna ayk\u0131r\u0131 ve izinsiz olarak kopyalanamaz, ba\u015fka yerde yay\u0131nlanamaz.<\/p>\n","protected":false},"excerpt":{"rendered":"<p>Adana\u2019da bir i\u015fletmede bek\u00e7i olarak \u00e7al\u0131\u015fan Mehmet K.\u2019n\u0131n (41), tavuklar\u0131n\u0131 yedi\u011fi gerek\u00e7esiyle sahipsiz sokak k\u00f6pe\u011fine sopayla vurdu\u011fu o anlar cep telefonu&#8230;<\/p>\n","protected":false},"author":2,"featured_media":30185,"comment_status":"open","ping_status":"open","sticky":false,"template":"","format":"standard","meta":{"footnotes":""},"categories":[8,6,5],"tags":[],"class_list":["post-30186","post","type-post","status-publish","format-standard","has-post-thumbnail","hentry","category-arsiv","category-gundem","category-son-dakika"],"_links":{"self":[{"href":"https:\/\/eskigazeteci.com\/index.php?rest_route=\/wp\/v2\/posts\/30186","targetHints":{"allow":["GET"]}}],"collection":[{"href":"https:\/\/eskigazeteci.com\/index.php?rest_route=\/wp\/v2\/posts"}],"about":[{"href":"https:\/\/eskigazeteci.com\/index.php?rest_route=\/wp\/v2\/types\/post"}],"author":[{"embeddable":true,"href":"https:\/\/eskigazeteci.com\/index.php?rest_route=\/wp\/v2\/users\/2"}],"replies":[{"embeddable":true,"href":"https:\/\/eskigazeteci.com\/index.php?rest_route=%2Fwp%2Fv2%2Fcomments&post=30186"}],"version-history":[{"count":0,"href":"https:\/\/eskigazeteci.com\/index.php?rest_route=\/wp\/v2\/posts\/30186\/revisions"}],"wp:featuredmedia":[{"embeddable":true,"href":"https:\/\/eskigazeteci.com\/index.php?rest_route=\/wp\/v2\/media\/30185"}],"wp:attachment":[{"href":"https:\/\/eskigazeteci.com\/index.php?rest_route=%2Fwp%2Fv2%2Fmedia&parent=30186"}],"wp:term":[{"taxonomy":"category","embeddable":true,"href":"https:\/\/eskigazeteci.com\/index.php?rest_route=%2Fwp%2Fv2%2Fcategories&post=30186"},{"taxonomy":"post_tag","embeddable":true,"href":"https:\/\/eskigazeteci.com\/index.php?rest_route=%2Fwp%2Fv2%2Ftags&post=30186"}],"curies":[{"name":"wp","href":"https:\/\/api.w.org\/{rel}","templated":true}]}}