{"id":30182,"date":"2026-04-28T19:35:39","date_gmt":"2026-04-28T19:35:39","guid":{"rendered":"https:\/\/eskigazeteci.com\/?p=30182"},"modified":"2026-04-28T19:35:39","modified_gmt":"2026-04-28T19:35:39","slug":"kayseride-6-yil-3-ay-kesinlesmis-hapsi-bulunan-feto-uyesi-yakalandi","status":"publish","type":"post","link":"https:\/\/eskigazeteci.com\/?p=30182","title":{"rendered":"Kayseri\u2019de 6 y\u0131l 3 ay kesinle\u015fmi\u015f hapsi bulunan FET\u00d6 \u00fcyesi yakaland\u0131"},"content":{"rendered":"<p>Kayseri\u2019de polis ekipleri taraf\u0131ndan yap\u0131lan \u00e7al\u0131\u015fmalarda, \u2018FET\u00d6-PDY silahl\u0131 ter\u00f6r \u00f6rg\u00fct\u00fcne \u00fcye olmak\u2019 su\u00e7undan 6 y\u0131l 3 ay kesinle\u015fmi\u015f hapis cezas\u0131 bulunan&#8230;<\/p>\n","protected":false},"excerpt":{"rendered":"<p>Kayseri\u2019de polis ekipleri taraf\u0131ndan yap\u0131lan \u00e7al\u0131\u015fmalarda, \u2018FET\u00d6-PDY silahl\u0131 ter\u00f6r \u00f6rg\u00fct\u00fcne \u00fcye olmak\u2019 su\u00e7undan 6 y\u0131l 3 ay kesinle\u015fmi\u015f hapis cezas\u0131 bulunan&#8230;<\/p>\n","protected":false},"author":2,"featured_media":30181,"comment_status":"open","ping_status":"open","sticky":false,"template":"","format":"standard","meta":{"footnotes":""},"categories":[6,5],"tags":[],"class_list":["post-30182","post","type-post","status-publish","format-standard","has-post-thumbnail","hentry","category-gundem","category-son-dakika"],"_links":{"self":[{"href":"https:\/\/eskigazeteci.com\/index.php?rest_route=\/wp\/v2\/posts\/30182","targetHints":{"allow":["GET"]}}],"collection":[{"href":"https:\/\/eskigazeteci.com\/index.php?rest_route=\/wp\/v2\/posts"}],"about":[{"href":"https:\/\/eskigazeteci.com\/index.php?rest_route=\/wp\/v2\/types\/post"}],"author":[{"embeddable":true,"href":"https:\/\/eskigazeteci.com\/index.php?rest_route=\/wp\/v2\/users\/2"}],"replies":[{"embeddable":true,"href":"https:\/\/eskigazeteci.com\/index.php?rest_route=%2Fwp%2Fv2%2Fcomments&post=30182"}],"version-history":[{"count":0,"href":"https:\/\/eskigazeteci.com\/index.php?rest_route=\/wp\/v2\/posts\/30182\/revisions"}],"wp:featuredmedia":[{"embeddable":true,"href":"https:\/\/eskigazeteci.com\/index.php?rest_route=\/wp\/v2\/media\/30181"}],"wp:attachment":[{"href":"https:\/\/eskigazeteci.com\/index.php?rest_route=%2Fwp%2Fv2%2Fmedia&parent=30182"}],"wp:term":[{"taxonomy":"category","embeddable":true,"href":"https:\/\/eskigazeteci.com\/index.php?rest_route=%2Fwp%2Fv2%2Fcategories&post=30182"},{"taxonomy":"post_tag","embeddable":true,"href":"https:\/\/eskigazeteci.com\/index.php?rest_route=%2Fwp%2Fv2%2Ftags&post=30182"}],"curies":[{"name":"wp","href":"https:\/\/api.w.org\/{rel}","templated":true}]}}