{"id":30174,"date":"2026-04-28T18:45:37","date_gmt":"2026-04-28T18:45:37","guid":{"rendered":"https:\/\/eskigazeteci.com\/?p=30174"},"modified":"2026-04-28T18:45:37","modified_gmt":"2026-04-28T18:45:37","slug":"ayriligin-ardindan-tedescodan-bir-aciklama-daha-fenerbahcenin-sampiyonlugu-icin-dua-edecegim","status":"publish","type":"post","link":"https:\/\/eskigazeteci.com\/?p=30174","title":{"rendered":"Ayr\u0131l\u0131\u011f\u0131n ard\u0131ndan Tedesco&#8217;dan bir a\u00e7\u0131klama daha: &#8216;Fenerbah\u00e7e&#8217;nin \u015fampiyonlu\u011fu i\u00e7in dua edece\u011fim!&#8217;"},"content":{"rendered":"<p>Galatasaray&#x27;a kaybedilen derbi sonras\u0131 Fenerbah\u00e7e&#x27;nin yollar\u0131n\u0131 ay\u0131rd\u0131\u011f\u0131 teknik direkt\u00f6r Domenico Tedesco, ikinci a\u00e7\u0131klamas\u0131n\u0131 Kicker&#x27;e yapt\u0131.<\/p>\n<p>\u0130\u015fte Tedesco &#x27;nun a\u00e7\u0131klamalar\u0131;<\/p>\n<p>&quot;\u00c7OK \u00dcZ\u00dcC\u00dc&quot;<\/p>\n<p>&quot;Bu \u015fekilde sonu\u00e7lanmas\u0131 ger\u00e7ekten \u00e7ok \u00fcz\u00fcc\u00fc. Bu durum, futbolun ne kadar h\u0131zl\u0131 de\u011fi\u015fti\u011fini bir kez daha g\u00f6steriyor. Asl\u0131nda k\u0131sa s\u00fcre \u00f6nce s\u00f6zle\u015fmemi erken uzatma ihtimali \u00fczerine g\u00f6r\u00fc\u015fmeler yap\u0131yorduk. \u015eimdi ise ligdeki ikinci yenilginin ard\u0131ndan yollar\u0131m\u0131z ayr\u0131ld\u0131.&quot;<\/p>\n<p>&quot;BU KADAR DUYGUSAL B\u0130R ORTAMDA&#8230;&quot;<\/p>\n<p>&quot;Bu kadar duygusal bir ortamda kal\u0131c\u0131 ba\u015far\u0131ya ula\u015fman\u0131n anahtar\u0131, her yenilgiden sonra her \u015feyi sorgulamak de\u011fil; birlikte bir \u015feyler geli\u015ftirmektir.&quot;<\/p>\n<p>&quot;TARAFTARA TE\u015eEKK\u00dcR EDER\u0130M&quot;<\/p>\n<p>&quot;\u0130stanbul&#x27;da \u00e7ok yo\u011fun ve say\u0131s\u0131z deneyimle dolu bir d\u00f6nem ge\u00e7irdim. Bize her zaman destek olan taraftarlara \u00f6zellikle te\u015fekk\u00fcr etmek istiyorum. Bu kul\u00fcb\u00fc \u00f6zel k\u0131lan onlar.&quot;<\/p>\n<p>&quot;F.BAH\u00c7E&#x27;N\u0130N \u015eAMP\u0130YONLU\u011eU \u0130\u00c7\u0130N DUA EDECE\u011e\u0130M&quot;<\/p>\n<p>&quot; Fenerbah\u00e7e &#x27;nin \u015fampiyonluk hayalini ger\u00e7ekle\u015ftirebilmesi i\u00e7in dua edece\u011fim \u00e7\u00fcnk\u00fc taraftarlar bunu fazlas\u0131yla hak ediyor. Kal\u0131c\u0131 bir sistem in\u015fa etmeyi hedefliyordum ve ge\u00e7mi\u015fe k\u0131yasla daha farkl\u0131 bir anlay\u0131\u015f ortaya koydu\u011fumuza da inan\u0131yorum. B\u00f6ylesine duygusal bir kul\u00fcpte, tek bir ma\u011flubiyetin&#8230;<\/p>\n","protected":false},"excerpt":{"rendered":"<p>Fenerbah\u00e7e&#8217;nin yollar\u0131n\u0131 ay\u0131rd\u0131\u011f\u0131 teknik direkt\u00f6r Domenico Tedesco&#8217;dan bir a\u00e7\u0131klama daha geldi.<\/p>\n","protected":false},"author":2,"featured_media":30173,"comment_status":"open","ping_status":"open","sticky":false,"template":"","format":"standard","meta":{"footnotes":""},"categories":[5,7],"tags":[],"class_list":["post-30174","post","type-post","status-publish","format-standard","has-post-thumbnail","hentry","category-son-dakika","category-spor"],"_links":{"self":[{"href":"https:\/\/eskigazeteci.com\/index.php?rest_route=\/wp\/v2\/posts\/30174","targetHints":{"allow":["GET"]}}],"collection":[{"href":"https:\/\/eskigazeteci.com\/index.php?rest_route=\/wp\/v2\/posts"}],"about":[{"href":"https:\/\/eskigazeteci.com\/index.php?rest_route=\/wp\/v2\/types\/post"}],"author":[{"embeddable":true,"href":"https:\/\/eskigazeteci.com\/index.php?rest_route=\/wp\/v2\/users\/2"}],"replies":[{"embeddable":true,"href":"https:\/\/eskigazeteci.com\/index.php?rest_route=%2Fwp%2Fv2%2Fcomments&post=30174"}],"version-history":[{"count":0,"href":"https:\/\/eskigazeteci.com\/index.php?rest_route=\/wp\/v2\/posts\/30174\/revisions"}],"wp:featuredmedia":[{"embeddable":true,"href":"https:\/\/eskigazeteci.com\/index.php?rest_route=\/wp\/v2\/media\/30173"}],"wp:attachment":[{"href":"https:\/\/eskigazeteci.com\/index.php?rest_route=%2Fwp%2Fv2%2Fmedia&parent=30174"}],"wp:term":[{"taxonomy":"category","embeddable":true,"href":"https:\/\/eskigazeteci.com\/index.php?rest_route=%2Fwp%2Fv2%2Fcategories&post=30174"},{"taxonomy":"post_tag","embeddable":true,"href":"https:\/\/eskigazeteci.com\/index.php?rest_route=%2Fwp%2Fv2%2Ftags&post=30174"}],"curies":[{"name":"wp","href":"https:\/\/api.w.org\/{rel}","templated":true}]}}